{"id":4633,"date":"2022-03-24T19:12:16","date_gmt":"2022-03-24T19:12:16","guid":{"rendered":"http:\/\/lahora.mx\/?p=4633"},"modified":"2022-03-24T19:12:17","modified_gmt":"2022-03-24T19:12:17","slug":"se-logra-asegurar-una-toma-clandestina-en-el-verde","status":"publish","type":"post","link":"https:\/\/lahora.mx\/index.php\/2022\/03\/24\/se-logra-asegurar-una-toma-clandestina-en-el-verde\/","title":{"rendered":"Se logra asegurar una toma clandestina en El Verde"},"content":{"rendered":"\n<p>&nbsp;<strong>Personal militar y de la Guardia Nacional<\/strong>&nbsp;realizaron un<strong>&nbsp;aseguramiento una toma clandestina y de una pipa<\/strong>&nbsp;sobre el derecho de v\u00eda de los ductos de Petr\u00f3leos Mexicanos (Pemex), misma que estaba abandonada; por lo que fue puesta a disposici\u00f3n de la autoridad correspondiente.<\/p>\n\n\n\n<p>Cabe se\u00f1alar que personas del Ej\u00e9rcito Mexicano, del regimiento de la caballer\u00eda motorizada con sede en Atlixco, durante un recorrido por la noche de este mi\u00e9rcoles por la zona de ductos de Pemex,<strong>\u00a0localizaron un veh\u00edculo en estado de abandono,<\/strong>\u00a0sobre km. 624+800 del LPG ducto 24 pulgadas, Cactus-Guadalajara.<br>En este sentido, se trat\u00f3 de una pipa, marca Chevrole<strong>t, con placas de Tlaxcala sin reporte de robo<\/strong>, raz\u00f3n Social HIDRO-GAS, con un tanque de capacidad de 5800 litros, al parecer en un 40 por ciento de su capacidad y conectada una Manguera de color negro de alta presi\u00f3n de dos pulgadas y de aproximadamente 20 metros de largo.<br><\/p>\n\n\n\n<p>Fue as\u00ed como<strong>&nbsp;se solicit\u00f3 la presencia del personal de ductos de Pemex,&nbsp;<\/strong>para que acuda a las inmediaciones de la comunidad de San Lucas EL Grande, dentro del municipio&nbsp;<strong>de San Salvador El Verde&nbsp;<\/strong>para la clausura de la toma clandestina.<\/p>\n\n\n\n<p>Finalmente, se hizo el trasladado con una gr\u00faa con el apoyo de la Guardia Nacional para hacer la puesta a disposici\u00f3n de la pipa ante la autoridad competente.<\/p>\n","protected":false},"excerpt":{"rendered":"<p>&nbsp;Personal militar y de la Guardia Nacional&nbsp;realizaron un&nbsp;aseguramiento una toma clandestina y de una pipa&nbsp;sobre el derecho de v\u00eda de los ductos de Petr\u00f3leos Mexicanos (Pemex), misma que estaba abandonada; por lo que fue puesta a disposici\u00f3n de la autoridad correspondiente. Cabe se\u00f1alar que personas del Ej\u00e9rcito Mexicano, del regimiento de la caballer\u00eda motorizada con [&hellip;]<\/p>\n","protected":false},"author":4,"featured_media":4634,"comment_status":"open","ping_status":"open","sticky":false,"template":"","format":"standard","meta":{"om_disable_all_campaigns":false,"_monsterinsights_skip_tracking":false,"_monsterinsights_sitenote_active":false,"_monsterinsights_sitenote_note":"","_monsterinsights_sitenote_category":0,"footnotes":""},"categories":[175],"tags":[],"class_list":["post-4633","post","type-post","status-publish","format-standard","has-post-thumbnail","hentry","category-local"],"amp_enabled":true,"_links":{"self":[{"href":"https:\/\/lahora.mx\/index.php\/wp-json\/wp\/v2\/posts\/4633","targetHints":{"allow":["GET"]}}],"collection":[{"href":"https:\/\/lahora.mx\/index.php\/wp-json\/wp\/v2\/posts"}],"about":[{"href":"https:\/\/lahora.mx\/index.php\/wp-json\/wp\/v2\/types\/post"}],"author":[{"embeddable":true,"href":"https:\/\/lahora.mx\/index.php\/wp-json\/wp\/v2\/users\/4"}],"replies":[{"embeddable":true,"href":"https:\/\/lahora.mx\/index.php\/wp-json\/wp\/v2\/comments?post=4633"}],"version-history":[{"count":1,"href":"https:\/\/lahora.mx\/index.php\/wp-json\/wp\/v2\/posts\/4633\/revisions"}],"predecessor-version":[{"id":4635,"href":"https:\/\/lahora.mx\/index.php\/wp-json\/wp\/v2\/posts\/4633\/revisions\/4635"}],"wp:featuredmedia":[{"embeddable":true,"href":"https:\/\/lahora.mx\/index.php\/wp-json\/wp\/v2\/media\/4634"}],"wp:attachment":[{"href":"https:\/\/lahora.mx\/index.php\/wp-json\/wp\/v2\/media?parent=4633"}],"wp:term":[{"taxonomy":"category","embeddable":true,"href":"https:\/\/lahora.mx\/index.php\/wp-json\/wp\/v2\/categories?post=4633"},{"taxonomy":"post_tag","embeddable":true,"href":"https:\/\/lahora.mx\/index.php\/wp-json\/wp\/v2\/tags?post=4633"}],"curies":[{"name":"wp","href":"https:\/\/api.w.org\/{rel}","templated":true}]}}