{"id":46278,"date":"2024-05-21T17:21:14","date_gmt":"2024-05-21T17:21:14","guid":{"rendered":"http:\/\/lahora.mx\/?p=46278"},"modified":"2024-05-21T17:21:14","modified_gmt":"2024-05-21T17:21:14","slug":"coparmex-dispuesta-a-organizar-segundo-debate-entre-aspirantes-a-la-gubernatura","status":"publish","type":"post","link":"https:\/\/lahora.mx\/index.php\/2024\/05\/21\/coparmex-dispuesta-a-organizar-segundo-debate-entre-aspirantes-a-la-gubernatura\/","title":{"rendered":"Coparmex, dispuesta a organizar segundo debate entre aspirantes a la gubernatura"},"content":{"rendered":"\n<p>El sector empresarial de Puebla est\u00e1 dispuesto a organizar un segundo debate entre los tres aspirantes a la gubernatura de Puebla, luego de que el Instituto Electoral del Estado (IEE) se negara a realizarlo por falta de tiempo.<\/p>\n\n\n\n<p>Rub\u00e9n Furlong Mart\u00ednez, presidente local de la Confederaci\u00f3n Patronal de la Rep\u00fablica Mexicana (Coparmex), indic\u00f3 que aunque los tiempos son complicados, una buena organizaci\u00f3n y disposici\u00f3n entre los candidatos, Eduardo Rivera, Alejandro Armenta y Fernando Morales, permitir\u00eda llevar a cabo este ejercicio antes de que terminen los plazos de campa\u00f1a.<br><\/p>\n\n\n\n<p>A pesar de esto, aclar\u00f3 que si no existe la colaboraci\u00f3n de todos, el resultado ser\u00eda un debate que no est\u00e9 a la altura de lo que se espera y tampoco se cumplir\u00eda con las expectativas marcadas.<\/p>\n\n\n\n<p>Por su parte, Edhal\u00ed Moreno C\u00edntora, presidenta local del Consejo Coordinador de Mujeres Empresarias (CCME), dijo que un segundo encuentro es importante para abonar a la democracia electoral y contrastar las diferentes propuestas con el fin de que la ciudadan\u00eda est\u00e9 bien informada.<\/p>\n\n\n\n<p>\u201cEstamos viviendo tiempos sumamente importantes y las elecciones de este 2024 van a marcar algo relevante en la historia pol\u00edtica de nuestro pa\u00eds y estado. Por ello, considero que un segundo debate es crucial\u201d, expres\u00f3.<\/p>\n\n\n\n<p>Por ello, resalt\u00f3 que la iniciativa privada est\u00e1 dispuesta a otorgar las condiciones necesarias para que se lleve a cabo este debate, desde el lugar hasta los recursos econ\u00f3micos.<br><\/p>\n\n\n\n<p>Desde su perspectiva, existen diversas sedes que podr\u00edan ser prestadas por los empresarios, como pueden ser los auditorios de las instituciones educativas, hoteles, salones o restaurantes.<\/p>\n\n\n\n<p>\u201cDel brazo empresarial se podr\u00eda llevar a cabo este segundo encuentro, pues tenemos el recurso y los espacios dignos para que se cumplan todas las especificaciones que se requieren\u201d, abon\u00f3.<\/p>\n\n\n\n<p>Mientras tanto, Carlos Juli\u00e1n Sosa Sp\u00ednola, presidente local de la C\u00e1mara Nacional de la Industria de la Transformaci\u00f3n (Cancintra), explic\u00f3 que el Consejo Coordinador Empresarial (CCE) se ha caracterizado por tener la capacidad de realizar eventos de primer nivel, como fue el foro \u201cDi\u00e1logos con Candidatos 2024\u201d.<\/p>\n\n\n\n<p>Adem\u00e1s, siempre los organizan con objetividad, imparcialidad y profesionalismo, por lo que no tiene duda que la iniciativa privada cuenta con la experiencia y capacidad para realizar un segundo debate.<br><\/p>\n\n\n\n<p>\u201cEl \u00fanico que tiene la capacidad para llevar a cabo algo as\u00ed de grande es el CCE, por lo que ellos tendr\u00e1n la \u00faltima palabra de acuerdo a la agenda de su presidente. Lo \u00fanico que yo puedo decir es que tenemos todo lo necesario para hacer bien las cosas, y un debate, no ser\u00eda la excepci\u00f3n\u201d, concluy\u00f3.<\/p>\n\n\n\n<p>Esta casa editorial busc\u00f3 a los rectores del consorcio universitario y no obtuvo ninguna postura. Est\u00e1 integrado por el Instituto Tecnol\u00f3gico de Monterrey, la Universidad de las Am\u00e9ricas Puebla (UDLAP), la Universidad Iberoamericana, Universidad Popular Aut\u00f3noma del Estado (UPAEP), la An\u00e1huac y la Universidad Madero.<\/p>\n\n\n\n<p>El \u00e1rea de comunicaci\u00f3n social de las instituciones, inform\u00f3 que el rector de la Universidad Anahuac, Jos\u00e9 Mata Temoltzin, es el representante del consorcio, por lo que \u00e9l tendr\u00eda que hablar del tema, pero est\u00e1 fuera de la ciudad de Puebla.<\/p>\n","protected":false},"excerpt":{"rendered":"<p>El sector empresarial de Puebla est\u00e1 dispuesto a organizar un segundo debate entre los tres aspirantes a la gubernatura de Puebla, luego de que el Instituto Electoral del Estado (IEE) se negara a realizarlo por falta de tiempo. Rub\u00e9n Furlong Mart\u00ednez, presidente local de la Confederaci\u00f3n Patronal de la Rep\u00fablica Mexicana (Coparmex), indic\u00f3 que aunque [&hellip;]<\/p>\n","protected":false},"author":4,"featured_media":46279,"comment_status":"open","ping_status":"open","sticky":false,"template":"","format":"standard","meta":{"om_disable_all_campaigns":false,"_monsterinsights_skip_tracking":false,"_monsterinsights_sitenote_active":false,"_monsterinsights_sitenote_note":"","_monsterinsights_sitenote_category":0,"footnotes":""},"categories":[175],"tags":[195,223],"class_list":["post-46278","post","type-post","status-publish","format-standard","has-post-thumbnail","hentry","category-local","tag-principal","tag-puebla"],"amp_enabled":true,"_links":{"self":[{"href":"https:\/\/lahora.mx\/index.php\/wp-json\/wp\/v2\/posts\/46278","targetHints":{"allow":["GET"]}}],"collection":[{"href":"https:\/\/lahora.mx\/index.php\/wp-json\/wp\/v2\/posts"}],"about":[{"href":"https:\/\/lahora.mx\/index.php\/wp-json\/wp\/v2\/types\/post"}],"author":[{"embeddable":true,"href":"https:\/\/lahora.mx\/index.php\/wp-json\/wp\/v2\/users\/4"}],"replies":[{"embeddable":true,"href":"https:\/\/lahora.mx\/index.php\/wp-json\/wp\/v2\/comments?post=46278"}],"version-history":[{"count":1,"href":"https:\/\/lahora.mx\/index.php\/wp-json\/wp\/v2\/posts\/46278\/revisions"}],"predecessor-version":[{"id":46280,"href":"https:\/\/lahora.mx\/index.php\/wp-json\/wp\/v2\/posts\/46278\/revisions\/46280"}],"wp:featuredmedia":[{"embeddable":true,"href":"https:\/\/lahora.mx\/index.php\/wp-json\/wp\/v2\/media\/46279"}],"wp:attachment":[{"href":"https:\/\/lahora.mx\/index.php\/wp-json\/wp\/v2\/media?parent=46278"}],"wp:term":[{"taxonomy":"category","embeddable":true,"href":"https:\/\/lahora.mx\/index.php\/wp-json\/wp\/v2\/categories?post=46278"},{"taxonomy":"post_tag","embeddable":true,"href":"https:\/\/lahora.mx\/index.php\/wp-json\/wp\/v2\/tags?post=46278"}],"curies":[{"name":"wp","href":"https:\/\/api.w.org\/{rel}","templated":true}]}}