{"id":46275,"date":"2024-05-21T16:58:51","date_gmt":"2024-05-21T16:58:51","guid":{"rendered":"http:\/\/lahora.mx\/?p=46275"},"modified":"2024-05-21T16:58:51","modified_gmt":"2024-05-21T16:58:51","slug":"asesinan-a-joven-en-colonia-san-cristobal-tulcingo","status":"publish","type":"post","link":"https:\/\/lahora.mx\/index.php\/2024\/05\/21\/asesinan-a-joven-en-colonia-san-cristobal-tulcingo\/","title":{"rendered":"Asesinan a joven en colonia San Crist\u00f3bal Tulcingo"},"content":{"rendered":"\n<p>Durante la madrugada de este 21 de mayo un hombre fue asesinado a balazos en un presunto ataque directo que ocurri\u00f3 en la colonia San Crist\u00f3bal Tulcingo, perteneciente a la junta auxiliar de San Jer\u00f3nimo Caleras, en Puebla.<\/p>\n\n\n\n<p>El hombre, que vest\u00eda playera negra y pantal\u00f3n de mezclilla, recibi\u00f3 al menos seis disparos que le provocaron una muerte inmediata; su cuerpo qued\u00f3 tendido en el pavimento.<\/p>\n\n\n\n<p>Los hechos ocurrieron durante los primeros minutos de la medianoche de este martes, cuando vecinos reportaron gritos y varias detonaciones de arma de fuego en la calle 16 de Septiembre y Privada 21 de Marzo de la referida junta auxiliar ubicada en la capital.<\/p>\n\n\n\n<p>Al sitio arribaron, como primeros respondientes, elementos de la Polic\u00eda Municipal de Puebla, a quienes testigos les indicaron que el asesinato del var\u00f3n pudo derivar de una ri\u00f1a que presuntamente se deton\u00f3 previo a su ejecuci\u00f3n.<\/p>\n\n\n\n<p>Peritos de la Fiscal\u00eda General del Estado (FGE) acudieron al punto a llevar a cabo las diligencias correspondientes para el levantamiento de cad\u00e1ver y practicarle la necropsia de rigor para determinar su identidad.<\/p>\n\n\n\n<p>Aunque al momento de redactarse esta nota se desconoce la identidad del fallecido, se estim\u00f3 ten\u00eda entre 25 y 30 a\u00f1os al momento de su muerte. Los responsables se dieron a la fuga tras el crimen, a\u00fan se desconoce su paradero.<\/p>\n","protected":false},"excerpt":{"rendered":"<p>Durante la madrugada de este 21 de mayo un hombre fue asesinado a balazos en un presunto ataque directo que ocurri\u00f3 en la colonia San Crist\u00f3bal Tulcingo, perteneciente a la junta auxiliar de San Jer\u00f3nimo Caleras, en Puebla. El hombre, que vest\u00eda playera negra y pantal\u00f3n de mezclilla, recibi\u00f3 al menos seis disparos que le [&hellip;]<\/p>\n","protected":false},"author":4,"featured_media":46276,"comment_status":"open","ping_status":"open","sticky":false,"template":"","format":"standard","meta":{"om_disable_all_campaigns":false,"_monsterinsights_skip_tracking":false,"_monsterinsights_sitenote_active":false,"_monsterinsights_sitenote_note":"","_monsterinsights_sitenote_category":0,"footnotes":""},"categories":[175,226],"tags":[223],"class_list":["post-46275","post","type-post","status-publish","format-standard","has-post-thumbnail","hentry","category-local","category-policia","tag-puebla"],"amp_enabled":true,"_links":{"self":[{"href":"https:\/\/lahora.mx\/index.php\/wp-json\/wp\/v2\/posts\/46275","targetHints":{"allow":["GET"]}}],"collection":[{"href":"https:\/\/lahora.mx\/index.php\/wp-json\/wp\/v2\/posts"}],"about":[{"href":"https:\/\/lahora.mx\/index.php\/wp-json\/wp\/v2\/types\/post"}],"author":[{"embeddable":true,"href":"https:\/\/lahora.mx\/index.php\/wp-json\/wp\/v2\/users\/4"}],"replies":[{"embeddable":true,"href":"https:\/\/lahora.mx\/index.php\/wp-json\/wp\/v2\/comments?post=46275"}],"version-history":[{"count":1,"href":"https:\/\/lahora.mx\/index.php\/wp-json\/wp\/v2\/posts\/46275\/revisions"}],"predecessor-version":[{"id":46277,"href":"https:\/\/lahora.mx\/index.php\/wp-json\/wp\/v2\/posts\/46275\/revisions\/46277"}],"wp:featuredmedia":[{"embeddable":true,"href":"https:\/\/lahora.mx\/index.php\/wp-json\/wp\/v2\/media\/46276"}],"wp:attachment":[{"href":"https:\/\/lahora.mx\/index.php\/wp-json\/wp\/v2\/media?parent=46275"}],"wp:term":[{"taxonomy":"category","embeddable":true,"href":"https:\/\/lahora.mx\/index.php\/wp-json\/wp\/v2\/categories?post=46275"},{"taxonomy":"post_tag","embeddable":true,"href":"https:\/\/lahora.mx\/index.php\/wp-json\/wp\/v2\/tags?post=46275"}],"curies":[{"name":"wp","href":"https:\/\/api.w.org\/{rel}","templated":true}]}}