{"id":46266,"date":"2024-05-21T16:34:47","date_gmt":"2024-05-21T16:34:47","guid":{"rendered":"http:\/\/lahora.mx\/?p=46266"},"modified":"2024-05-21T16:34:48","modified_gmt":"2024-05-21T16:34:48","slug":"bloquean-la-carretera-federal-mexico-veracruz","status":"publish","type":"post","link":"https:\/\/lahora.mx\/index.php\/2024\/05\/21\/bloquean-la-carretera-federal-mexico-veracruz\/","title":{"rendered":"Bloquean la carretera federal M\u00e9xico-Veracruz"},"content":{"rendered":"\n<p>Habitantes de Tlacotepec de Benito Ju\u00e1rez bloquearon la carretera federal 150 M\u00e9xico-Veracruz, a la altura de San Jos\u00e9 Tlacuitlapan; exigen al presidente municipal Jos\u00e9 Pedro Antol\u00edn Flores Valerio, transparencia y prioridad en obras.<\/p>\n\n\n\n<p>Fue desde la ma\u00f1ana del lunes 20 de mayo, cuando habitantes de ese municipio se concentraron en la presidencia de Tlacotepec de Benito Ju\u00e1rez para exigir hablar con el edil sobre las obras que se est\u00e1n ejecutando en el municipio, las cuales, consideraron que no son prioritarias.<\/p>\n\n\n\n<p>Comentaron que hay varias colonias que no cuentan con agua, y afirmaron que eso s\u00ed deber\u00eda ser tomado en cuenta e iniciar un proyecto de perforaci\u00f3n para un pozo.<\/p>\n\n\n\n<p>Externaron que es necesario que se aplique una auditor\u00eda a su gesti\u00f3n, pues creen que hay desv\u00edo de recursos, ya que el alcalde se niega a realizar proyectos de impacto, s\u00f3lo hace peque\u00f1as obras que no repercuten en el beneficio del municipio.<\/p>\n\n\n\n<p>Aunque no precisaron el tipo de obras con las que est\u00e1n inconformes, mencionaron que como ciudadanos no las solicitaron y desconocen en qu\u00e9 se bas\u00f3 el ayuntamiento para ejecutarlas.<\/p>\n\n\n\n<p>La situaci\u00f3n caus\u00f3 molestia entre los habitantes, pues el edil se neg\u00f3 a recibirlos, por lo cual la noche del lunes decidieron bloquear la carretera federal 150 M\u00e9xico-Veracruz, a la altura de San Jos\u00e9 Tlacuitlapan; hasta la ma\u00f1ana de este martes, siguen apostados en dicha vialidad.<\/p>\n","protected":false},"excerpt":{"rendered":"<p>Habitantes de Tlacotepec de Benito Ju\u00e1rez bloquearon la carretera federal 150 M\u00e9xico-Veracruz, a la altura de San Jos\u00e9 Tlacuitlapan; exigen al presidente municipal Jos\u00e9 Pedro Antol\u00edn Flores Valerio, transparencia y prioridad en obras. Fue desde la ma\u00f1ana del lunes 20 de mayo, cuando habitantes de ese municipio se concentraron en la presidencia de Tlacotepec de [&hellip;]<\/p>\n","protected":false},"author":4,"featured_media":46267,"comment_status":"open","ping_status":"open","sticky":false,"template":"","format":"standard","meta":{"om_disable_all_campaigns":false,"_monsterinsights_skip_tracking":false,"_monsterinsights_sitenote_active":false,"_monsterinsights_sitenote_note":"","_monsterinsights_sitenote_category":0,"footnotes":""},"categories":[175],"tags":[223],"class_list":["post-46266","post","type-post","status-publish","format-standard","has-post-thumbnail","hentry","category-local","tag-puebla"],"amp_enabled":true,"_links":{"self":[{"href":"https:\/\/lahora.mx\/index.php\/wp-json\/wp\/v2\/posts\/46266","targetHints":{"allow":["GET"]}}],"collection":[{"href":"https:\/\/lahora.mx\/index.php\/wp-json\/wp\/v2\/posts"}],"about":[{"href":"https:\/\/lahora.mx\/index.php\/wp-json\/wp\/v2\/types\/post"}],"author":[{"embeddable":true,"href":"https:\/\/lahora.mx\/index.php\/wp-json\/wp\/v2\/users\/4"}],"replies":[{"embeddable":true,"href":"https:\/\/lahora.mx\/index.php\/wp-json\/wp\/v2\/comments?post=46266"}],"version-history":[{"count":1,"href":"https:\/\/lahora.mx\/index.php\/wp-json\/wp\/v2\/posts\/46266\/revisions"}],"predecessor-version":[{"id":46268,"href":"https:\/\/lahora.mx\/index.php\/wp-json\/wp\/v2\/posts\/46266\/revisions\/46268"}],"wp:featuredmedia":[{"embeddable":true,"href":"https:\/\/lahora.mx\/index.php\/wp-json\/wp\/v2\/media\/46267"}],"wp:attachment":[{"href":"https:\/\/lahora.mx\/index.php\/wp-json\/wp\/v2\/media?parent=46266"}],"wp:term":[{"taxonomy":"category","embeddable":true,"href":"https:\/\/lahora.mx\/index.php\/wp-json\/wp\/v2\/categories?post=46266"},{"taxonomy":"post_tag","embeddable":true,"href":"https:\/\/lahora.mx\/index.php\/wp-json\/wp\/v2\/tags?post=46266"}],"curies":[{"name":"wp","href":"https:\/\/api.w.org\/{rel}","templated":true}]}}