{"id":46263,"date":"2024-05-21T16:23:02","date_gmt":"2024-05-21T16:23:02","guid":{"rendered":"http:\/\/lahora.mx\/?p=46263"},"modified":"2024-05-21T16:23:02","modified_gmt":"2024-05-21T16:23:02","slug":"nuevo-hospital-san-alejandro-estara-listo-en-septiembre-zoe-robledo","status":"publish","type":"post","link":"https:\/\/lahora.mx\/index.php\/2024\/05\/21\/nuevo-hospital-san-alejandro-estara-listo-en-septiembre-zoe-robledo\/","title":{"rendered":"Nuevo Hospital San Alejandro, estar\u00e1 listo en septiembre: Zo\u00e9 Robledo"},"content":{"rendered":"\n<p>El nuevo Hospital General de San Alejandro quedar\u00e1 listo y preparado para funciones en el mes de septiembre, as\u00ed lo inform\u00f3 Zo\u00e9 Robledo Aburto, el director general del Instituto Mexicano Del Seguro Social (IMSS), este 21 de mayo.<\/p>\n\n\n\n<p>La informaci\u00f3n la comparti\u00f3 el funcionario durante la ma\u00f1anera del presidente Andr\u00e9s Manuel L\u00f3pez Obrador (AMLO) de este martes en Palacio Nacional, donde inform\u00f3 el avance de otras unidades hospitalarias del pa\u00eds; algunas estar\u00e1n afiliadas al programa federal de salud IMSS-Bienestar.<\/p>\n\n\n\n<p>Robledo record\u00f3 que el inmueble fue uno de los afectados por el sismo de septiembre de 2017, por lo que dej\u00f3 de prestar servicios. Se\u00f1alo que en un principio se acord\u00f3 la compra de un hospital privado en sustituci\u00f3n, pero refiri\u00f3 que el prospecto \u201cno iba a ser apto para ponerlo en operaci\u00f3n\u201d.<\/p>\n\n\n\n<p>Por ello, asegur\u00f3, en 2019 comenz\u00f3 la demolici\u00f3n de San Alejandro, con miras a la construcci\u00f3n de un nuevo complejo, obra que comenz\u00f3 en diciembre 2022. La inversi\u00f3n para el nuevo hospital fue de mil 687 millones de pesos.<\/p>\n\n\n\n<p>\u00bfC\u00f3mo ser\u00e1 el Nuevo Hospital San Alejandro?<br>Robledo Aburto mencion\u00f3 que las instalaciones del Nuevo Hospital San Alejandro, llevadas a cabo por ingenieros militares de la Secretar\u00eda de la Defensa Nacional (Sedena), contar\u00e1n con un espacio para 180 camas, de las cuales seis ser\u00e1n exclusivas para actividades quir\u00fargicas.<\/p>\n\n\n\n<p>A\u00f1adi\u00f3 que en la entidad poblana tambi\u00e9n se puso en operaci\u00f3n el nuevo Hospital de Cuautlancingo, por parte del IMSS, y la Unidad de Oftalmolog\u00eda del Hospital General de Cholula, por parte del IMSS-Bienestar.<br>El d\u00eda de ayer, AMLO junto con gobernadores morenistas de distintos estados del pa\u00eds calendarizaron la entrega y puesta en operaciones al 100 por ciento del IMSS-Bienestar; la fecha prevista para que el programa federal que sustituye al Seguro Popular entre en funciones de manera integral es para el 3 y 4 de septiembre.<\/p>\n","protected":false},"excerpt":{"rendered":"<p>El nuevo Hospital General de San Alejandro quedar\u00e1 listo y preparado para funciones en el mes de septiembre, as\u00ed lo inform\u00f3 Zo\u00e9 Robledo Aburto, el director general del Instituto Mexicano Del Seguro Social (IMSS), este 21 de mayo. La informaci\u00f3n la comparti\u00f3 el funcionario durante la ma\u00f1anera del presidente Andr\u00e9s Manuel L\u00f3pez Obrador (AMLO) de [&hellip;]<\/p>\n","protected":false},"author":4,"featured_media":46264,"comment_status":"open","ping_status":"open","sticky":false,"template":"","format":"standard","meta":{"om_disable_all_campaigns":false,"_monsterinsights_skip_tracking":false,"_monsterinsights_sitenote_active":false,"_monsterinsights_sitenote_note":"","_monsterinsights_sitenote_category":0,"footnotes":""},"categories":[175],"tags":[195,223],"class_list":["post-46263","post","type-post","status-publish","format-standard","has-post-thumbnail","hentry","category-local","tag-principal","tag-puebla"],"amp_enabled":true,"_links":{"self":[{"href":"https:\/\/lahora.mx\/index.php\/wp-json\/wp\/v2\/posts\/46263","targetHints":{"allow":["GET"]}}],"collection":[{"href":"https:\/\/lahora.mx\/index.php\/wp-json\/wp\/v2\/posts"}],"about":[{"href":"https:\/\/lahora.mx\/index.php\/wp-json\/wp\/v2\/types\/post"}],"author":[{"embeddable":true,"href":"https:\/\/lahora.mx\/index.php\/wp-json\/wp\/v2\/users\/4"}],"replies":[{"embeddable":true,"href":"https:\/\/lahora.mx\/index.php\/wp-json\/wp\/v2\/comments?post=46263"}],"version-history":[{"count":1,"href":"https:\/\/lahora.mx\/index.php\/wp-json\/wp\/v2\/posts\/46263\/revisions"}],"predecessor-version":[{"id":46265,"href":"https:\/\/lahora.mx\/index.php\/wp-json\/wp\/v2\/posts\/46263\/revisions\/46265"}],"wp:featuredmedia":[{"embeddable":true,"href":"https:\/\/lahora.mx\/index.php\/wp-json\/wp\/v2\/media\/46264"}],"wp:attachment":[{"href":"https:\/\/lahora.mx\/index.php\/wp-json\/wp\/v2\/media?parent=46263"}],"wp:term":[{"taxonomy":"category","embeddable":true,"href":"https:\/\/lahora.mx\/index.php\/wp-json\/wp\/v2\/categories?post=46263"},{"taxonomy":"post_tag","embeddable":true,"href":"https:\/\/lahora.mx\/index.php\/wp-json\/wp\/v2\/tags?post=46263"}],"curies":[{"name":"wp","href":"https:\/\/api.w.org\/{rel}","templated":true}]}}