{"id":46241,"date":"2024-05-21T00:08:02","date_gmt":"2024-05-21T00:08:02","guid":{"rendered":"http:\/\/lahora.mx\/?p=46241"},"modified":"2024-05-21T00:08:02","modified_gmt":"2024-05-21T00:08:02","slug":"va-lalo-rivera-por-un-millon-700-mil-votos-para-ganar","status":"publish","type":"post","link":"https:\/\/lahora.mx\/index.php\/2024\/05\/21\/va-lalo-rivera-por-un-millon-700-mil-votos-para-ganar\/","title":{"rendered":"Va Lalo Rivera por un mill\u00f3n 700 mil votos para ganar"},"content":{"rendered":"\n<p>Eduardo Rivera estim\u00f3 que con la coalici\u00f3n del PRIANRD-SI arrasar\u00e1 la elecci\u00f3n a gobernador de Puebla, con al menos 1 mill\u00f3n 750 mil votos, despu\u00e9s de que gan\u00f3 el debate y obtuvo el respaldo de la Marea Rosa.<\/p>\n\n\n\n<p>En entrevista, despu\u00e9s de la presentaci\u00f3n de la propuesta de la creaci\u00f3n del Instituto Metropolitano de Planeaci\u00f3n, Eduardo Rivera celebr\u00f3 el apoyo de m\u00e1s de 30 mil poblanos en el movimiento de la Marea Rosa, resultado de su campa\u00f1a y propuestas,<\/p>\n\n\n\n<p>Asimismo, pidi\u00f3 a la ciudadan\u00eda su confianza e invit\u00f3 a qu\u00e9 acudan a las urnas el pr\u00f3ximo 2 junio para que los resultados sean contundentes.<\/p>\n\n\n\n<p>\u201cNosotros queremos arrasar la elecci\u00f3n, queremos m\u00e1s de un mill\u00f3n 750 mil votos en el Estado. Pero lo que queremos es eso, arrasar\u201d, coment\u00f3.<\/p>\n\n\n\n<p>El candidato de la alianza Mejor Rumbo para Puebla record\u00f3 que en la ciudad de Puebla y el \u00e1rea metropolitana, que es donde m\u00e1s conocen el trabajo de Acci\u00f3n Nacional y el PRI, consideren los resultados y le den su confianza con su voto.<\/p>\n\n\n\n<p>Rivera reconoci\u00f3 qu\u00e9 hay algunos pendientes en los municipios donde gobierna pero no se compara con \u201cel desastre\u201d de las administraciones morenistas.<\/p>\n\n\n\n<p>\u201cGobernamos San Andr\u00e9s, San Pedro, Santa Clara, Puebla, Cuautlancingo. Y conocen el trabajo que se ha hecho. Y algunos dir\u00e1n, hay pendientes. S\u00ed, s\u00ed, s\u00ed hay pendientes. Somos los primeros en reconocerlos. Pero el desastre que nos dejaron los gobiernos de Morena, h\u00edjole, no se compara absolutamente con lo que hemos avanzado. Por eso le pedimos a la ciudadan\u00eda que salga a participar de manera masiva y que arrollando con votos, por as\u00ed decirlo\u201d, coment\u00f3.<\/p>\n\n\n\n<p>Pidi\u00f3 que se eviten las especulaciones \u201cde si se va a judicializar o no\u201d la elecci\u00f3n y mejor invitar al voto para que sea la ciudadan\u00eda quien elija de manera libre.<\/p>\n\n\n\n<p>Rivera asegura que en las encuestas sigue creciendo, ya no solamente empat\u00f3 algunas de ellas, sino que ya las rebas\u00f3 y quiere consolidar esa tendencia.<\/p>\n\n\n\n<p>Por eso estar\u00e1 concentrado de aqu\u00ed a lo que resta de la campa\u00f1a, para seguir con las actividades de promoci\u00f3n al voto.<\/p>\n","protected":false},"excerpt":{"rendered":"<p>Eduardo Rivera estim\u00f3 que con la coalici\u00f3n del PRIANRD-SI arrasar\u00e1 la elecci\u00f3n a gobernador de Puebla, con al menos 1 mill\u00f3n 750 mil votos, despu\u00e9s de que gan\u00f3 el debate y obtuvo el respaldo de la Marea Rosa. En entrevista, despu\u00e9s de la presentaci\u00f3n de la propuesta de la creaci\u00f3n del Instituto Metropolitano de Planeaci\u00f3n, [&hellip;]<\/p>\n","protected":false},"author":4,"featured_media":46242,"comment_status":"open","ping_status":"open","sticky":false,"template":"","format":"standard","meta":{"om_disable_all_campaigns":false,"_monsterinsights_skip_tracking":false,"_monsterinsights_sitenote_active":false,"_monsterinsights_sitenote_note":"","_monsterinsights_sitenote_category":0,"footnotes":""},"categories":[175,5],"tags":[223],"class_list":["post-46241","post","type-post","status-publish","format-standard","has-post-thumbnail","hentry","category-local","category-politica","tag-puebla"],"amp_enabled":true,"_links":{"self":[{"href":"https:\/\/lahora.mx\/index.php\/wp-json\/wp\/v2\/posts\/46241","targetHints":{"allow":["GET"]}}],"collection":[{"href":"https:\/\/lahora.mx\/index.php\/wp-json\/wp\/v2\/posts"}],"about":[{"href":"https:\/\/lahora.mx\/index.php\/wp-json\/wp\/v2\/types\/post"}],"author":[{"embeddable":true,"href":"https:\/\/lahora.mx\/index.php\/wp-json\/wp\/v2\/users\/4"}],"replies":[{"embeddable":true,"href":"https:\/\/lahora.mx\/index.php\/wp-json\/wp\/v2\/comments?post=46241"}],"version-history":[{"count":1,"href":"https:\/\/lahora.mx\/index.php\/wp-json\/wp\/v2\/posts\/46241\/revisions"}],"predecessor-version":[{"id":46243,"href":"https:\/\/lahora.mx\/index.php\/wp-json\/wp\/v2\/posts\/46241\/revisions\/46243"}],"wp:featuredmedia":[{"embeddable":true,"href":"https:\/\/lahora.mx\/index.php\/wp-json\/wp\/v2\/media\/46242"}],"wp:attachment":[{"href":"https:\/\/lahora.mx\/index.php\/wp-json\/wp\/v2\/media?parent=46241"}],"wp:term":[{"taxonomy":"category","embeddable":true,"href":"https:\/\/lahora.mx\/index.php\/wp-json\/wp\/v2\/categories?post=46241"},{"taxonomy":"post_tag","embeddable":true,"href":"https:\/\/lahora.mx\/index.php\/wp-json\/wp\/v2\/tags?post=46241"}],"curies":[{"name":"wp","href":"https:\/\/api.w.org\/{rel}","templated":true}]}}