{"id":46238,"date":"2024-05-20T23:45:10","date_gmt":"2024-05-20T23:45:10","guid":{"rendered":"http:\/\/lahora.mx\/?p=46238"},"modified":"2024-05-20T23:45:11","modified_gmt":"2024-05-20T23:45:11","slug":"eduardo-rivera-presenta-plan-metropolitano-para-zona-conurbada-de-puebla","status":"publish","type":"post","link":"https:\/\/lahora.mx\/index.php\/2024\/05\/20\/eduardo-rivera-presenta-plan-metropolitano-para-zona-conurbada-de-puebla\/","title":{"rendered":"Eduardo Rivera presenta Plan Metropolitano para zona conurbada de Puebla"},"content":{"rendered":"\n<p>Al anunciar que durante sus primeros 100 d\u00edas de gobierno pondr\u00e1 en marcha El Instituto Estatal y Metropolitana de Planeaci\u00f3n (IEMEPLAN) y est\u00e1 la rehabilitaci\u00f3n integral el Perif\u00e9rico Ecol\u00f3gico, el candidato de Mejor Rumbo para Puebla, Eduardo Rivera P\u00e9rez, advirti\u00f3 que la coordinaci\u00f3n con las autoridades de San Andr\u00e9s Cholula, San Pedro Cholula, Cuautlancingo, Amozoc Santa Clara Ocoyucan y Coronango, estar\u00e1 garantizada tambi\u00e9n para planear estrategias de seguridad.<\/p>\n\n\n\n<p>Revel\u00f3 que este organismo garantiza el trabajo conjunto de la red del suministro de agua, movilidad y desarrollo urbano.<\/p>\n\n\n\n<p>Adem\u00e1s, aclar\u00f3 que con este organismo se asegura que los proyectos del estado no los desechen o tienen el cesto de los papeles en cada cambio de gobernador.<\/p>\n\n\n\n<p>Dijo que en esos primeros 100 d\u00edas de gobierno rehabilitar\u00e1n el Perif\u00e9rico Ecol\u00f3gico, vialidad estatal que est\u00e1 en p\u00e9simas condiciones. Los trabajos, indic\u00f3 que se notar\u00e1n tambi\u00e9n en la poda de todas las \u00e1reas verdes aleda\u00f1as a esta gran vialidad, pero tambi\u00e9n con la iluminaci\u00f3n que requiere una arteria de esta naturaleza.<\/p>\n\n\n\n<p>Prioriz\u00f3 que en el indicador de seguridad se asegurar\u00e1n el tramo de la autopista M\u00e9xico- Veracruz, al igual que el de todas las entradas y salidas a la entidad pero este trabajo estar\u00e1 arropado por c\u00e1maras de video-vigilancia y c\u00e1maras lectoras de placas.<\/p>\n\n\n\n<p>La seguridad superior que es un tema esencial en la columna vertebral de su gobierno por lo que todos los protocolos y toda la tecnolog\u00eda estar\u00e1 ahora s\u00ed con jugada en una misma acci\u00f3n para responder a la prevenci\u00f3n del delito, respuesta inmediata a trav\u00e9s de tecnolog\u00eda homologaci\u00f3n de todas las acciones contra el delito en reacci\u00f3n y atenci\u00f3n Pero uno de los puntos esenciales ser\u00e1 el de colaborar hasta el cansancio en la localizaci\u00f3n de mujeres, hombres, ni\u00f1os y ni\u00f1as reportadas como desaparecidas.<\/p>\n\n\n\n<p>Sobre el tema del agua puntualiz\u00f3 que ahora s\u00ed viene en serio las el saneamiento del R\u00edo Atoyac y Alseseca con acciones contundentes, y en colaboraci\u00f3n no solo con los municipios sino con estados aleda\u00f1os como Tlaxcala, infraestructura existente se construir\u00e1 nueva se generar\u00e1n estrategias de captaci\u00f3n, retenci\u00f3n y conducci\u00f3n del agua pluvial.<\/p>\n\n\n\n<p>Adem\u00e1s. en el rubro h\u00eddrico, insisti\u00f3 que se construir\u00e1 la infraestructura azul y verde, consolidar\u00e1 a los organismos operadores de agua y saneamiento de agua.<\/p>\n\n\n\n<p>Recapitulo que en tema de movilidad Puebla se merece ya un tren ligero Metropolitano, la construcci\u00f3n de 500 km de ciclov\u00edas a nivel piso, crear\u00e1 el sistema Metropolitano de bicicletas p\u00fablicas y le entraras tambi\u00e9n a eficientar y a renovar la red de sem\u00e1foros, iluminaci\u00f3n uso del Big Data y de la Inteligencia artificial.<\/p>\n\n\n\n<p>El desarrollo urbano de planeaci\u00f3n acentu\u00f3 que estar\u00e1 estructurado para garantizar la armonizaci\u00f3n con los proyectos de todos los municipios de la entidad, contar\u00e1 con un banco de proyectos y se tendr\u00e1 un monitoreo constante de todas las ejecuciones de obras que se desarrollen.<\/p>\n\n\n\n<p>Arropado por las y los candidatos a presidencias municipales Lupita Cuautle, San Andr\u00e9s Cholula; Gerardo S\u00e1nchez, Coronango y Arist\u00f3teles Campos, Ocoyucan; a Diputaciones federales y locales Lolita Parra, Ale Ca\u00f1edo, Pili Moran, Karla Mart\u00ednez, Manolo Herrera, Karina Romero, Carolina Beauregard y Oswaldo Jim\u00e9nez, refrend\u00f3 que el trabajo conjunto con las autoridades de los 217 municipios de la entidad est\u00e1 garantizado.<\/p>\n\n\n\n<p>Bajo esa perspectiva, el candidato de Mejor Rumbo para Puebla para presidente municipal Mario Riestra PI\u00f1a, asegur\u00f3 que en el estado de Puebla ha carecido de un programa de desarrollo urbano de planeaci\u00f3n, derivado del mal gobierno de Luis Miguel Barbosa trajo todo el atraso al estado.<\/p>\n","protected":false},"excerpt":{"rendered":"<p>Al anunciar que durante sus primeros 100 d\u00edas de gobierno pondr\u00e1 en marcha El Instituto Estatal y Metropolitana de Planeaci\u00f3n (IEMEPLAN) y est\u00e1 la rehabilitaci\u00f3n integral el Perif\u00e9rico Ecol\u00f3gico, el candidato de Mejor Rumbo para Puebla, Eduardo Rivera P\u00e9rez, advirti\u00f3 que la coordinaci\u00f3n con las autoridades de San Andr\u00e9s Cholula, San Pedro Cholula, Cuautlancingo, Amozoc [&hellip;]<\/p>\n","protected":false},"author":4,"featured_media":46239,"comment_status":"open","ping_status":"open","sticky":false,"template":"","format":"standard","meta":{"om_disable_all_campaigns":false,"_monsterinsights_skip_tracking":false,"_monsterinsights_sitenote_active":false,"_monsterinsights_sitenote_note":"","_monsterinsights_sitenote_category":0,"footnotes":""},"categories":[175],"tags":[223],"class_list":["post-46238","post","type-post","status-publish","format-standard","has-post-thumbnail","hentry","category-local","tag-puebla"],"amp_enabled":true,"_links":{"self":[{"href":"https:\/\/lahora.mx\/index.php\/wp-json\/wp\/v2\/posts\/46238","targetHints":{"allow":["GET"]}}],"collection":[{"href":"https:\/\/lahora.mx\/index.php\/wp-json\/wp\/v2\/posts"}],"about":[{"href":"https:\/\/lahora.mx\/index.php\/wp-json\/wp\/v2\/types\/post"}],"author":[{"embeddable":true,"href":"https:\/\/lahora.mx\/index.php\/wp-json\/wp\/v2\/users\/4"}],"replies":[{"embeddable":true,"href":"https:\/\/lahora.mx\/index.php\/wp-json\/wp\/v2\/comments?post=46238"}],"version-history":[{"count":1,"href":"https:\/\/lahora.mx\/index.php\/wp-json\/wp\/v2\/posts\/46238\/revisions"}],"predecessor-version":[{"id":46240,"href":"https:\/\/lahora.mx\/index.php\/wp-json\/wp\/v2\/posts\/46238\/revisions\/46240"}],"wp:featuredmedia":[{"embeddable":true,"href":"https:\/\/lahora.mx\/index.php\/wp-json\/wp\/v2\/media\/46239"}],"wp:attachment":[{"href":"https:\/\/lahora.mx\/index.php\/wp-json\/wp\/v2\/media?parent=46238"}],"wp:term":[{"taxonomy":"category","embeddable":true,"href":"https:\/\/lahora.mx\/index.php\/wp-json\/wp\/v2\/categories?post=46238"},{"taxonomy":"post_tag","embeddable":true,"href":"https:\/\/lahora.mx\/index.php\/wp-json\/wp\/v2\/tags?post=46238"}],"curies":[{"name":"wp","href":"https:\/\/api.w.org\/{rel}","templated":true}]}}