{"id":46235,"date":"2024-05-20T23:40:45","date_gmt":"2024-05-20T23:40:45","guid":{"rendered":"http:\/\/lahora.mx\/?p=46235"},"modified":"2024-05-20T23:40:46","modified_gmt":"2024-05-20T23:40:46","slug":"oposicion-disfrazo-acto-politico-como-marcha-ciudadana","status":"publish","type":"post","link":"https:\/\/lahora.mx\/index.php\/2024\/05\/20\/oposicion-disfrazo-acto-politico-como-marcha-ciudadana\/","title":{"rendered":"Oposici\u00f3n disfraz\u00f3 acto pol\u00edtico como marcha ciudadana"},"content":{"rendered":"\n<p>El candidato a gobernador de la 4T, Alejandro Armenta Mier dijo que en Morena est\u00e1n a favor de las marchas, pero en contra de que sean actos partidistas encubiertos de luchas ciudadanas, como la \u201cmarea rosa\u201d.<\/p>\n\n\n\n<p>Durante conferencia de prensa, sugiri\u00f3 que la oposici\u00f3n miente al informar que asistieron 35 mil personas a la movilizaci\u00f3n del domingo, y que \u00e9l podr\u00eda hacer lo mismo al decir que a sus m\u00edtines acuden 50 mil simpatizantes, \u201csi se trata de decir mentiras\u201d.<\/p>\n\n\n\n<p>En este sentido, cuestion\u00f3 la legitimidad de la marcha del domingo, donde estuvieron presentes los candidatos opositores Eduardo Rivera y Mario Riestra, quienes hicieron un llamado a votar por X\u00f3chitl G\u00e1lvez, candidata de Fuerza y Coraz\u00f3n por M\u00e9xico, y todos sus abanderados en Puebla.<\/p>\n\n\n\n<p>\u201cHace algunos meses se present\u00f3 este mismo grupo para defender a INE, para qu\u00e9, no s\u00e9, pero lo hicieron. En Morena somos defensores de la libre manifestaci\u00f3n y de la libertad de expresi\u00f3n, somos promotores de los derechos (\u2026) las marchas est\u00e1n bien, el problema es que ahora ya no son manifestaciones, ya son eventos partidistas, entonces, queda al descubierto la verdad que no quer\u00edan reconocer\u201d, declar\u00f3.<\/p>\n\n\n\n<p>En la misma t\u00f3nica, abord\u00f3 el tema de las encuestas y puso en duda los resultados de la empresa Massive Caller, que en su \u00faltima medici\u00f3n ubic\u00f3 a su rival Eduardo Rivera por encima de \u00e9l.<\/p>\n\n\n\n<p>A lo que Armenta expres\u00f3: \u201cA m\u00ed no me gusta decir mentiras, y no me creo si digo mentiras, si alguien se quiere enga\u00f1ar con una encuesta, pues as\u00ed son, qu\u00e9 les digo, est\u00e1 bien, si t\u00fa te auto-enga\u00f1as, est\u00e1 bien\u201d.<\/p>\n","protected":false},"excerpt":{"rendered":"<p>El candidato a gobernador de la 4T, Alejandro Armenta Mier dijo que en Morena est\u00e1n a favor de las marchas, pero en contra de que sean actos partidistas encubiertos de luchas ciudadanas, como la \u201cmarea rosa\u201d. Durante conferencia de prensa, sugiri\u00f3 que la oposici\u00f3n miente al informar que asistieron 35 mil personas a la movilizaci\u00f3n [&hellip;]<\/p>\n","protected":false},"author":4,"featured_media":46236,"comment_status":"open","ping_status":"open","sticky":false,"template":"","format":"standard","meta":{"om_disable_all_campaigns":false,"_monsterinsights_skip_tracking":false,"_monsterinsights_sitenote_active":false,"_monsterinsights_sitenote_note":"","_monsterinsights_sitenote_category":0,"footnotes":""},"categories":[175],"tags":[223],"class_list":["post-46235","post","type-post","status-publish","format-standard","has-post-thumbnail","hentry","category-local","tag-puebla"],"amp_enabled":true,"_links":{"self":[{"href":"https:\/\/lahora.mx\/index.php\/wp-json\/wp\/v2\/posts\/46235","targetHints":{"allow":["GET"]}}],"collection":[{"href":"https:\/\/lahora.mx\/index.php\/wp-json\/wp\/v2\/posts"}],"about":[{"href":"https:\/\/lahora.mx\/index.php\/wp-json\/wp\/v2\/types\/post"}],"author":[{"embeddable":true,"href":"https:\/\/lahora.mx\/index.php\/wp-json\/wp\/v2\/users\/4"}],"replies":[{"embeddable":true,"href":"https:\/\/lahora.mx\/index.php\/wp-json\/wp\/v2\/comments?post=46235"}],"version-history":[{"count":1,"href":"https:\/\/lahora.mx\/index.php\/wp-json\/wp\/v2\/posts\/46235\/revisions"}],"predecessor-version":[{"id":46237,"href":"https:\/\/lahora.mx\/index.php\/wp-json\/wp\/v2\/posts\/46235\/revisions\/46237"}],"wp:featuredmedia":[{"embeddable":true,"href":"https:\/\/lahora.mx\/index.php\/wp-json\/wp\/v2\/media\/46236"}],"wp:attachment":[{"href":"https:\/\/lahora.mx\/index.php\/wp-json\/wp\/v2\/media?parent=46235"}],"wp:term":[{"taxonomy":"category","embeddable":true,"href":"https:\/\/lahora.mx\/index.php\/wp-json\/wp\/v2\/categories?post=46235"},{"taxonomy":"post_tag","embeddable":true,"href":"https:\/\/lahora.mx\/index.php\/wp-json\/wp\/v2\/tags?post=46235"}],"curies":[{"name":"wp","href":"https:\/\/api.w.org\/{rel}","templated":true}]}}