{"id":46232,"date":"2024-05-20T23:38:32","date_gmt":"2024-05-20T23:38:32","guid":{"rendered":"http:\/\/lahora.mx\/?p=46232"},"modified":"2024-05-20T23:38:32","modified_gmt":"2024-05-20T23:38:32","slug":"ayuntamiento-de-puebla-vigila-arboles-de-jacarandas-en-el-mirador","status":"publish","type":"post","link":"https:\/\/lahora.mx\/index.php\/2024\/05\/20\/ayuntamiento-de-puebla-vigila-arboles-de-jacarandas-en-el-mirador\/","title":{"rendered":"Ayuntamiento de Puebla vigila \u00e1rboles de jacarandas en El Mirador"},"content":{"rendered":"\n<p>Luego de que se diera a conocer el caso de que una nueva plaza comercial en la colonia El Mirador pretend\u00eda derribar unas jacarandas para facilitar el acceso al estacionamiento, la Secretar\u00eda de Medio Ambiente del Ayuntamiento de Puebla acudi\u00f3 al sitio para corroborar que no se llevara a cabo alg\u00fan da\u00f1o a la naturaleza.<\/p>\n\n\n\n<p>De acuerdo con el citatorio pegado en la fachada con fecha 11 de abril del presente a\u00f1o, se se\u00f1ala que Adri\u00e1n G\u00f3mez Lucero ten\u00eda que presentarse en el domicilio de la plaza con direcci\u00f3n en avenida Manuel Espinosa Yglesias, n\u00famero 1818-A, El Mirador el d\u00eda 12 de abril.<\/p>\n\n\n\n<p>Ayuntamiento de Puebla vigila \u00e1rboles de jacarandas en El Mirador<br>Sin embargo, la Unidad Jur\u00eddica de la Secretar\u00eda de Medio Ambiente en su notificaci\u00f3n se\u00f1al\u00f3 que los trabajadores eventuales informaron que no hab\u00eda alguien para que fueran recibidos.<br>El mencionado citatorio era para ratificarle a los due\u00f1os que no se hab\u00eda expedido ning\u00fan permiso para derribo o poda de dichos \u00e1rboles en la nueva plaza se encuentra en la esquina de la 31 Oriente y 20 Sur de la colonia El Mirador.<\/p>\n\n\n\n<p>Ante esto, la Secretar\u00eda del Medio Ambiente del Ayuntamiento de Puebla hizo un llamado a la ciudadan\u00eda para reportar alguna afectaci\u00f3n a las jacarandas.<\/p>\n\n\n\n<p>Es de mencionar que el a\u00f1o pasado, la Universidad de Chapingo detect\u00f3 la plaga del heno motita en las jacarandas de la colonia El Mirador, por lo que tendr\u00e1n que ser derribadas m\u00e1s de 10 en la zona.<\/p>\n\n\n\n<p>En ese tiempo, en el lugar se hizo un estudio a 165 \u00e1rboles, de los cuales m\u00e1s de 10 fueron podados para retirarles el heno y las ramas muertas que ten\u00edan riesgo de caer; mientras que otros 10 m\u00e1s fueron talados, ya que presentaban un avance importante de plaga.<\/p>\n\n\n\n<p>Asimismo, sobre la misma zona, en el camell\u00f3n de la 31 Oriente a la altura de la 20 Sur, se talaron siete \u00e1rboles debido a que ten\u00edan el hongo de Ganoderma y representaba un riesgo en su tronco y ra\u00edz.<\/p>\n","protected":false},"excerpt":{"rendered":"<p>Luego de que se diera a conocer el caso de que una nueva plaza comercial en la colonia El Mirador pretend\u00eda derribar unas jacarandas para facilitar el acceso al estacionamiento, la Secretar\u00eda de Medio Ambiente del Ayuntamiento de Puebla acudi\u00f3 al sitio para corroborar que no se llevara a cabo alg\u00fan da\u00f1o a la naturaleza. [&hellip;]<\/p>\n","protected":false},"author":4,"featured_media":46233,"comment_status":"open","ping_status":"open","sticky":false,"template":"","format":"standard","meta":{"om_disable_all_campaigns":false,"_monsterinsights_skip_tracking":false,"_monsterinsights_sitenote_active":false,"_monsterinsights_sitenote_note":"","_monsterinsights_sitenote_category":0,"footnotes":""},"categories":[175],"tags":[223],"class_list":["post-46232","post","type-post","status-publish","format-standard","has-post-thumbnail","hentry","category-local","tag-puebla"],"amp_enabled":true,"_links":{"self":[{"href":"https:\/\/lahora.mx\/index.php\/wp-json\/wp\/v2\/posts\/46232","targetHints":{"allow":["GET"]}}],"collection":[{"href":"https:\/\/lahora.mx\/index.php\/wp-json\/wp\/v2\/posts"}],"about":[{"href":"https:\/\/lahora.mx\/index.php\/wp-json\/wp\/v2\/types\/post"}],"author":[{"embeddable":true,"href":"https:\/\/lahora.mx\/index.php\/wp-json\/wp\/v2\/users\/4"}],"replies":[{"embeddable":true,"href":"https:\/\/lahora.mx\/index.php\/wp-json\/wp\/v2\/comments?post=46232"}],"version-history":[{"count":1,"href":"https:\/\/lahora.mx\/index.php\/wp-json\/wp\/v2\/posts\/46232\/revisions"}],"predecessor-version":[{"id":46234,"href":"https:\/\/lahora.mx\/index.php\/wp-json\/wp\/v2\/posts\/46232\/revisions\/46234"}],"wp:featuredmedia":[{"embeddable":true,"href":"https:\/\/lahora.mx\/index.php\/wp-json\/wp\/v2\/media\/46233"}],"wp:attachment":[{"href":"https:\/\/lahora.mx\/index.php\/wp-json\/wp\/v2\/media?parent=46232"}],"wp:term":[{"taxonomy":"category","embeddable":true,"href":"https:\/\/lahora.mx\/index.php\/wp-json\/wp\/v2\/categories?post=46232"},{"taxonomy":"post_tag","embeddable":true,"href":"https:\/\/lahora.mx\/index.php\/wp-json\/wp\/v2\/tags?post=46232"}],"curies":[{"name":"wp","href":"https:\/\/api.w.org\/{rel}","templated":true}]}}