{"id":46229,"date":"2024-05-20T23:35:41","date_gmt":"2024-05-20T23:35:41","guid":{"rendered":"http:\/\/lahora.mx\/?p=46229"},"modified":"2024-05-20T23:35:42","modified_gmt":"2024-05-20T23:35:42","slug":"iee-dice-no-a-segundo-debate-por-falta-de-tiempo-menciona-eduardo-rivera","status":"publish","type":"post","link":"https:\/\/lahora.mx\/index.php\/2024\/05\/20\/iee-dice-no-a-segundo-debate-por-falta-de-tiempo-menciona-eduardo-rivera\/","title":{"rendered":"IEE dice no a segundo debate por falta de tiempo; menciona Eduardo Rivera"},"content":{"rendered":"\n<p>El candidato a la gubernatura de Puebla por la alianza Mejor Rumbo para Puebla, Eduardo Rivera, inform\u00f3 que el Instituto Electoral del Estado (IEE) rechaz\u00f3 su propuesta para debatir una segunda ocasi\u00f3n con los otros aspirantes por falta de tiempo.<\/p>\n\n\n\n<p>En rueda de prensa, Rivera P\u00e9rez explic\u00f3 que el IEE fundament\u00f3 su negativa al se\u00f1alar que los debates se deben solicitar con anticipaci\u00f3n a fin de darles tiempo para formularlo.<\/p>\n\n\n\n<p>No obstante, Rivera P\u00e9rez asegur\u00f3 que esta normativa s\u00f3lo aplica para los aspirantes a las candidaturas a las presidencias municipales, por lo que lament\u00f3 la decisi\u00f3n del IEE.<\/p>\n\n\n\n<p>\u201cDe su parte, la posibilidad de poder organizarlo justificando que supuestamente un reglamento, el reglamento de debates, donde s\u00ed establece, pero para candidaturas a presidentes municipales no espec\u00edficamente para la candidatura a gobernador que tiene que solicitarse con mayor anticipaci\u00f3n\u201d, dijo.<\/p>\n\n\n\n<p>El panista asegur\u00f3 que la respuesta de su petici\u00f3n le sorprendi\u00f3 al se\u00f1alar que tanto \u00e9l como su rival de Morena, Alejandro Armenta e incluso el aspirante por Movimiento Ciudadano, Fernando Morales Mart\u00ednez aceptaron debatir una segunda vez.<\/p>\n\n\n\n<p>\u201cA m\u00ed la verdad es que me sorprende y la verdad es que es una pena que el \u00f3rgano electoral habiendo simplemente por una cuesti\u00f3n de reglamento no se quiera repetir\u201d, sostuvo.<\/p>\n\n\n\n<p>Por ello, el candidato por Mejor Rumbo para Puebla pidi\u00f3 al Consejo Coordinador Empresarial (CCE) o a alguna universidad que organice un ejercicio para contrastar las propuestas de cada uno de los candidatos a fin de que los poblanos definan a su favorito.<\/p>\n\n\n\n<p>\u201cOjal\u00e1 alg\u00fan organismo empresarial (\u2026) el consejo empresarial ha organizado debates en otras ocasiones o alguna universidad tambi\u00e9n los pueden organizar y yo estar\u00e9 siempre dispuesto a participar en este encuentro\u201d, coment\u00f3.<\/p>\n\n\n\n<p>La presidenta consejera del IEE, Blanca Yassahara Cruz Garc\u00eda, inform\u00f3 que el 4 de mayo venci\u00f3 el plazo para presentar solicitudes a debatir, ya que el reglamento marca que 25 d\u00edas antes de que culmine el periodo de campa\u00f1a los aspirantes deben solicitar debatir.<\/p>\n\n\n\n<p>Los marinistas est\u00e1n con Morena y Claudia Sheinbaum lo evidenci\u00f3<br>En otro tema, Eduardo Rivera P\u00e9rez reiter\u00f3 que el marinismo ya est\u00e1 en Morena por culpa de Alejandro Armenta Mier, quien debe explicar c\u00f3mo su \u201ccompadre\u201d fue exhibido por la candidata a la presidencia de la Rep\u00fablica, Claudia Sheinbaum, como uno de los gobernadores presos y pr\u00f3fugos del PRIANRD.<\/p>\n\n\n\n<p>\u201cLos marinistas est\u00e1n en su equipo, s\u00ed \u00e9l representa el segundo piso genuinamente, pero de Mario Mar\u00edn, as\u00ed lo dije en el debate, s\u00ed y \u00e9l es por supuesto la herencia de ese tipo de gobierno\u201d, dijo.<\/p>\n\n\n\n<p>Rivera P\u00e9rez sentenci\u00f3 que Alejandro Armenta no puede negar que representa al marinismo puro, ya que trabaj\u00f3 en su gobierno.<\/p>\n","protected":false},"excerpt":{"rendered":"<p>El candidato a la gubernatura de Puebla por la alianza Mejor Rumbo para Puebla, Eduardo Rivera, inform\u00f3 que el Instituto Electoral del Estado (IEE) rechaz\u00f3 su propuesta para debatir una segunda ocasi\u00f3n con los otros aspirantes por falta de tiempo. En rueda de prensa, Rivera P\u00e9rez explic\u00f3 que el IEE fundament\u00f3 su negativa al se\u00f1alar [&hellip;]<\/p>\n","protected":false},"author":4,"featured_media":46230,"comment_status":"open","ping_status":"open","sticky":false,"template":"","format":"standard","meta":{"om_disable_all_campaigns":false,"_monsterinsights_skip_tracking":false,"_monsterinsights_sitenote_active":false,"_monsterinsights_sitenote_note":"","_monsterinsights_sitenote_category":0,"footnotes":""},"categories":[175],"tags":[128,223],"class_list":["post-46229","post","type-post","status-publish","format-standard","has-post-thumbnail","hentry","category-local","tag-politics","tag-puebla"],"amp_enabled":true,"_links":{"self":[{"href":"https:\/\/lahora.mx\/index.php\/wp-json\/wp\/v2\/posts\/46229","targetHints":{"allow":["GET"]}}],"collection":[{"href":"https:\/\/lahora.mx\/index.php\/wp-json\/wp\/v2\/posts"}],"about":[{"href":"https:\/\/lahora.mx\/index.php\/wp-json\/wp\/v2\/types\/post"}],"author":[{"embeddable":true,"href":"https:\/\/lahora.mx\/index.php\/wp-json\/wp\/v2\/users\/4"}],"replies":[{"embeddable":true,"href":"https:\/\/lahora.mx\/index.php\/wp-json\/wp\/v2\/comments?post=46229"}],"version-history":[{"count":1,"href":"https:\/\/lahora.mx\/index.php\/wp-json\/wp\/v2\/posts\/46229\/revisions"}],"predecessor-version":[{"id":46231,"href":"https:\/\/lahora.mx\/index.php\/wp-json\/wp\/v2\/posts\/46229\/revisions\/46231"}],"wp:featuredmedia":[{"embeddable":true,"href":"https:\/\/lahora.mx\/index.php\/wp-json\/wp\/v2\/media\/46230"}],"wp:attachment":[{"href":"https:\/\/lahora.mx\/index.php\/wp-json\/wp\/v2\/media?parent=46229"}],"wp:term":[{"taxonomy":"category","embeddable":true,"href":"https:\/\/lahora.mx\/index.php\/wp-json\/wp\/v2\/categories?post=46229"},{"taxonomy":"post_tag","embeddable":true,"href":"https:\/\/lahora.mx\/index.php\/wp-json\/wp\/v2\/tags?post=46229"}],"curies":[{"name":"wp","href":"https:\/\/api.w.org\/{rel}","templated":true}]}}