{"id":46226,"date":"2024-05-20T23:33:07","date_gmt":"2024-05-20T23:33:07","guid":{"rendered":"http:\/\/lahora.mx\/?p=46226"},"modified":"2024-05-20T23:33:08","modified_gmt":"2024-05-20T23:33:08","slug":"comision-de-busqueda-de-puebla-localiza-restos-oseos-en-bosques-de-santa-anita","status":"publish","type":"post","link":"https:\/\/lahora.mx\/index.php\/2024\/05\/20\/comision-de-busqueda-de-puebla-localiza-restos-oseos-en-bosques-de-santa-anita\/","title":{"rendered":"Comisi\u00f3n de B\u00fasqueda de Puebla localiza restos \u00f3seos en Bosques de Santa Anita"},"content":{"rendered":"\n<p>En una acci\u00f3n de la Comisi\u00f3n Estatal de B\u00fasqueda de Personas del Estado de Puebla, este lunes fueron localizados algunos restos \u00f3seos en la colonia Bosques de Santa Anita.<\/p>\n\n\n\n<p>La intervenci\u00f3n se dio en la calle Acueducto Manzanilla y Camino a La Resurrecci\u00f3n.<\/p>\n\n\n\n<p>En las acciones de b\u00fasqueda en campo participaron polic\u00edas estatales, Ministerio y municipales de Puebla, estos \u00faltimos con apoyo de ejemplares caninos del grupo can\u00f3filo K9.<\/p>\n\n\n\n<p>Tras realizar algunas excavaciones, las autoridades encontraron restos como cabello, huesos y piezas dentales, sin que al momento se sepa si corresponden a un hombre o a una mujer.<br>Bajo los protocolos correspondientes se llev\u00f3 a cabo la recolecci\u00f3n de indicios y restos \u00f3seos que ser\u00edan llevados al Servicio M\u00e9dico Forense (Semefo) para los estudios de antropolog\u00eda y gen\u00e9tica que contribuyan a la resoluci\u00f3n del caso.<\/p>\n\n\n\n<p>La zona fue acordonada para la conclusi\u00f3n de las labores de la polic\u00eda, autoridades ministeriales y personal de la Comisi\u00f3n de B\u00fasqueda.<\/p>\n","protected":false},"excerpt":{"rendered":"<p>En una acci\u00f3n de la Comisi\u00f3n Estatal de B\u00fasqueda de Personas del Estado de Puebla, este lunes fueron localizados algunos restos \u00f3seos en la colonia Bosques de Santa Anita. La intervenci\u00f3n se dio en la calle Acueducto Manzanilla y Camino a La Resurrecci\u00f3n. En las acciones de b\u00fasqueda en campo participaron polic\u00edas estatales, Ministerio y [&hellip;]<\/p>\n","protected":false},"author":4,"featured_media":46227,"comment_status":"open","ping_status":"open","sticky":false,"template":"","format":"standard","meta":{"om_disable_all_campaigns":false,"_monsterinsights_skip_tracking":false,"_monsterinsights_sitenote_active":false,"_monsterinsights_sitenote_note":"","_monsterinsights_sitenote_category":0,"footnotes":""},"categories":[175,226],"tags":[195,223],"class_list":["post-46226","post","type-post","status-publish","format-standard","has-post-thumbnail","hentry","category-local","category-policia","tag-principal","tag-puebla"],"amp_enabled":true,"_links":{"self":[{"href":"https:\/\/lahora.mx\/index.php\/wp-json\/wp\/v2\/posts\/46226","targetHints":{"allow":["GET"]}}],"collection":[{"href":"https:\/\/lahora.mx\/index.php\/wp-json\/wp\/v2\/posts"}],"about":[{"href":"https:\/\/lahora.mx\/index.php\/wp-json\/wp\/v2\/types\/post"}],"author":[{"embeddable":true,"href":"https:\/\/lahora.mx\/index.php\/wp-json\/wp\/v2\/users\/4"}],"replies":[{"embeddable":true,"href":"https:\/\/lahora.mx\/index.php\/wp-json\/wp\/v2\/comments?post=46226"}],"version-history":[{"count":1,"href":"https:\/\/lahora.mx\/index.php\/wp-json\/wp\/v2\/posts\/46226\/revisions"}],"predecessor-version":[{"id":46228,"href":"https:\/\/lahora.mx\/index.php\/wp-json\/wp\/v2\/posts\/46226\/revisions\/46228"}],"wp:featuredmedia":[{"embeddable":true,"href":"https:\/\/lahora.mx\/index.php\/wp-json\/wp\/v2\/media\/46227"}],"wp:attachment":[{"href":"https:\/\/lahora.mx\/index.php\/wp-json\/wp\/v2\/media?parent=46226"}],"wp:term":[{"taxonomy":"category","embeddable":true,"href":"https:\/\/lahora.mx\/index.php\/wp-json\/wp\/v2\/categories?post=46226"},{"taxonomy":"post_tag","embeddable":true,"href":"https:\/\/lahora.mx\/index.php\/wp-json\/wp\/v2\/tags?post=46226"}],"curies":[{"name":"wp","href":"https:\/\/api.w.org\/{rel}","templated":true}]}}