{"id":46201,"date":"2024-05-20T14:28:55","date_gmt":"2024-05-20T14:28:55","guid":{"rendered":"http:\/\/lahora.mx\/?p=46201"},"modified":"2024-05-20T14:28:56","modified_gmt":"2024-05-20T14:28:56","slug":"muere-ebrahim-raisi-presidente-de-iran-en-accidente-aereo","status":"publish","type":"post","link":"https:\/\/lahora.mx\/index.php\/2024\/05\/20\/muere-ebrahim-raisi-presidente-de-iran-en-accidente-aereo\/","title":{"rendered":"Muere Ebrahim Raisi, presidente de Ir\u00e1n, en accidente a\u00e9reo"},"content":{"rendered":"\n<p>Ebrahim Raisol-Sadati (\u0633\u06cc\u062f \u0627\u0628\u0631\u0627\u0647\u06cc\u0645 \u0631\u0626\u06cc\u0633\u200c\u0627\u0644\u0633\u0627\u062f\u0627\u062a\u06cc, en persa), presidente de la Rep\u00fablica Isl\u00e1mica de Ir\u00e1n, muri\u00f3 en un accidente a\u00e9reo cuando el helic\u00f3ptero que lo transportaba a \u00e9l y a otros funcionarios del pa\u00eds se estrell\u00f3; ninguno de los nueve pasajeros y tripulantes sobrevivi\u00f3.<\/p>\n\n\n\n<p>Junto con Raisol-Sadati viajaba el ministro de exteriores del pa\u00eds de medio oriente, Hossein Amir Abdollahian; la aeronave iba escoltada por otros dos helic\u00f3pteros, sin embargo, el veh\u00edculo donde se transportaba el presidente iran\u00ed fue el \u00fanico en caer.<\/p>\n\n\n\n<p>De acuerdo con medios del pa\u00eds, el accidente sucedi\u00f3 durante la tarde del domingo en una zona monta\u00f1osa cerca de Varzeqan, provincia iran\u00ed de Azerbaiy\u00e1n Oriental, ubicada al noroeste del pa\u00eds.<\/p>\n\n\n\n<p>En un principio las autoridades iran\u00eds detallaron el suceso como un \u201caterrizaje frozoso\u201d, sin embargo, horas despu\u00e9s, confirmaron el accidente. Hasta el momento el gobierno de la naci\u00f3n no inform\u00f3 m\u00e1s detalles acerca del percance, solamente se limitaron a referir que sucedi\u00f3 por \u201ccondiciones meteorol\u00f3gicas adversas\u201d.<\/p>\n\n\n\n<p>\u201cEl ayatol\u00e1 Ebrahim Rais\u00ed, presidente de la Rep\u00fablica Isl\u00e1mica de Ir\u00e1n, ha muerto mientras serv\u00eda al pueblo. El helic\u00f3ptero que transportaba a Rais\u00ed, (\u2026) debido a las condiciones meteorol\u00f3gicas adversas, sufri\u00f3 un accidente\u201d, se lee en un comunicado del gobierno del pa\u00eds que compartieron en su canal de Telegram oficial.<\/p>\n\n\n\n<p>Tras la muerte de Ebrahim Raisol-Sadati, el gobierno de la Rep\u00fablica Isl\u00e1mica de Ir\u00e1n nombr\u00f3 presidente interino a Mohammad Mokhber, quien fung\u00eda como vicepresidente; en su comunicado se\u00f1alaron que la muerte del funcionario \u201cno supondr\u00e1 la menor perturbaci\u00f3n en la administraci\u00f3n\u201d.<\/p>\n","protected":false},"excerpt":{"rendered":"<p>Ebrahim Raisol-Sadati (\u0633\u06cc\u062f \u0627\u0628\u0631\u0627\u0647\u06cc\u0645 \u0631\u0626\u06cc\u0633\u200c\u0627\u0644\u0633\u0627\u062f\u0627\u062a\u06cc, en persa), presidente de la Rep\u00fablica Isl\u00e1mica de Ir\u00e1n, muri\u00f3 en un accidente a\u00e9reo cuando el helic\u00f3ptero que lo transportaba a \u00e9l y a otros funcionarios del pa\u00eds se estrell\u00f3; ninguno de los nueve pasajeros y tripulantes sobrevivi\u00f3. Junto con Raisol-Sadati viajaba el ministro de exteriores del pa\u00eds de medio [&hellip;]<\/p>\n","protected":false},"author":4,"featured_media":46202,"comment_status":"open","ping_status":"open","sticky":false,"template":"","format":"standard","meta":{"om_disable_all_campaigns":false,"_monsterinsights_skip_tracking":false,"_monsterinsights_sitenote_active":false,"_monsterinsights_sitenote_note":"","_monsterinsights_sitenote_category":0,"footnotes":""},"categories":[183],"tags":[195],"class_list":["post-46201","post","type-post","status-publish","format-standard","has-post-thumbnail","hentry","category-internacional","tag-principal"],"amp_enabled":true,"_links":{"self":[{"href":"https:\/\/lahora.mx\/index.php\/wp-json\/wp\/v2\/posts\/46201","targetHints":{"allow":["GET"]}}],"collection":[{"href":"https:\/\/lahora.mx\/index.php\/wp-json\/wp\/v2\/posts"}],"about":[{"href":"https:\/\/lahora.mx\/index.php\/wp-json\/wp\/v2\/types\/post"}],"author":[{"embeddable":true,"href":"https:\/\/lahora.mx\/index.php\/wp-json\/wp\/v2\/users\/4"}],"replies":[{"embeddable":true,"href":"https:\/\/lahora.mx\/index.php\/wp-json\/wp\/v2\/comments?post=46201"}],"version-history":[{"count":1,"href":"https:\/\/lahora.mx\/index.php\/wp-json\/wp\/v2\/posts\/46201\/revisions"}],"predecessor-version":[{"id":46203,"href":"https:\/\/lahora.mx\/index.php\/wp-json\/wp\/v2\/posts\/46201\/revisions\/46203"}],"wp:featuredmedia":[{"embeddable":true,"href":"https:\/\/lahora.mx\/index.php\/wp-json\/wp\/v2\/media\/46202"}],"wp:attachment":[{"href":"https:\/\/lahora.mx\/index.php\/wp-json\/wp\/v2\/media?parent=46201"}],"wp:term":[{"taxonomy":"category","embeddable":true,"href":"https:\/\/lahora.mx\/index.php\/wp-json\/wp\/v2\/categories?post=46201"},{"taxonomy":"post_tag","embeddable":true,"href":"https:\/\/lahora.mx\/index.php\/wp-json\/wp\/v2\/tags?post=46201"}],"curies":[{"name":"wp","href":"https:\/\/api.w.org\/{rel}","templated":true}]}}