{"id":46018,"date":"2024-05-14T20:27:37","date_gmt":"2024-05-14T20:27:37","guid":{"rendered":"http:\/\/lahora.mx\/?p=46018"},"modified":"2024-05-15T20:31:10","modified_gmt":"2024-05-15T20:31:10","slug":"mujer-de-la-tercera-edad-es-arrollada-en-atlixco-por-una-unidad-de-transporte-publico","status":"publish","type":"post","link":"https:\/\/lahora.mx\/index.php\/2024\/05\/14\/mujer-de-la-tercera-edad-es-arrollada-en-atlixco-por-una-unidad-de-transporte-publico\/","title":{"rendered":"Mujer de la tercera edad es arrollada en Atlixco por una unidad de transporte p\u00fablico"},"content":{"rendered":"\n<p>Una mujer de aproximadamente 70 a\u00f1os de edad, result\u00f3 gravemente herida tras ser arrollada por una unidad de transporte p\u00fablico en la calle Independencia, ubicada en el centro de la ciudad de Atlixco, afortunadamente el presunto responsable fue detenido en el lugar.<\/p>\n\n\n\n<p>De acuerdo con los primeros reportes, los hechos ocurrieron durante la ma\u00f1ana de este martes en calle antes mencionada, cuando una combi, presuntamente viajando a exceso de velocidad, impact\u00f3 a la mujer quien intentaba cruzar la vialidad de extremo a extremo.<br>Por el golpe la mujer fue arrastrada varios metros, dej\u00e1ndola en el asfalto. Testigos y comerciantes brindaron los primeros auxilios a la v\u00edctima mientras deten\u00edan al presunto responsable, el conductor de la unidad U-21, quien fue puesto a disposici\u00f3n de las autoridades municipales.<br><\/p>\n\n\n\n<p>La mujer, quien sufri\u00f3 una herida expuesta en la pierna fue atendida por param\u00e9dicos del municipio y finalmente fue trasladada de manera urgente al Complejo M\u00e9dico Gonzalo R\u00edo Arronte para recibir atenci\u00f3n m\u00e9dica. Hasta el momento, su estado de salud es desconocido.<\/p>\n\n\n\n<p>Las autoridades locales, incluyendo elementos de seguridad p\u00fablica municipal y vialidad, acudieron al lugar para llevar a cabo las investigaciones pertinentes y deslindar responsabilidades. Cabe mencionar que durante este d\u00eda, la unidad qued\u00f3 suspendida hasta que concluyan las pesquisas.<\/p>\n","protected":false},"excerpt":{"rendered":"<p>Una mujer de aproximadamente 70 a\u00f1os de edad, result\u00f3 gravemente herida tras ser arrollada por una unidad de transporte p\u00fablico en la calle Independencia, ubicada en el centro de la ciudad de Atlixco, afortunadamente el presunto responsable fue detenido en el lugar. De acuerdo con los primeros reportes, los hechos ocurrieron durante la ma\u00f1ana de [&hellip;]<\/p>\n","protected":false},"author":4,"featured_media":46019,"comment_status":"open","ping_status":"open","sticky":false,"template":"","format":"standard","meta":{"om_disable_all_campaigns":false,"_monsterinsights_skip_tracking":false,"_monsterinsights_sitenote_active":false,"_monsterinsights_sitenote_note":"","_monsterinsights_sitenote_category":0,"footnotes":""},"categories":[175],"tags":[250,223],"class_list":["post-46018","post","type-post","status-publish","format-standard","has-post-thumbnail","hentry","category-local","tag-atlixco","tag-puebla"],"amp_enabled":true,"_links":{"self":[{"href":"https:\/\/lahora.mx\/index.php\/wp-json\/wp\/v2\/posts\/46018","targetHints":{"allow":["GET"]}}],"collection":[{"href":"https:\/\/lahora.mx\/index.php\/wp-json\/wp\/v2\/posts"}],"about":[{"href":"https:\/\/lahora.mx\/index.php\/wp-json\/wp\/v2\/types\/post"}],"author":[{"embeddable":true,"href":"https:\/\/lahora.mx\/index.php\/wp-json\/wp\/v2\/users\/4"}],"replies":[{"embeddable":true,"href":"https:\/\/lahora.mx\/index.php\/wp-json\/wp\/v2\/comments?post=46018"}],"version-history":[{"count":1,"href":"https:\/\/lahora.mx\/index.php\/wp-json\/wp\/v2\/posts\/46018\/revisions"}],"predecessor-version":[{"id":46020,"href":"https:\/\/lahora.mx\/index.php\/wp-json\/wp\/v2\/posts\/46018\/revisions\/46020"}],"wp:featuredmedia":[{"embeddable":true,"href":"https:\/\/lahora.mx\/index.php\/wp-json\/wp\/v2\/media\/46019"}],"wp:attachment":[{"href":"https:\/\/lahora.mx\/index.php\/wp-json\/wp\/v2\/media?parent=46018"}],"wp:term":[{"taxonomy":"category","embeddable":true,"href":"https:\/\/lahora.mx\/index.php\/wp-json\/wp\/v2\/categories?post=46018"},{"taxonomy":"post_tag","embeddable":true,"href":"https:\/\/lahora.mx\/index.php\/wp-json\/wp\/v2\/tags?post=46018"}],"curies":[{"name":"wp","href":"https:\/\/api.w.org\/{rel}","templated":true}]}}