{"id":45888,"date":"2024-05-13T02:02:24","date_gmt":"2024-05-13T02:02:24","guid":{"rendered":"http:\/\/lahora.mx\/?p=45888"},"modified":"2024-05-13T02:02:26","modified_gmt":"2024-05-13T02:02:26","slug":"comerciantes-de-parque-soria-exigen-a-san-pedro-cholula-regular-ambulantaje","status":"publish","type":"post","link":"https:\/\/lahora.mx\/index.php\/2024\/05\/13\/comerciantes-de-parque-soria-exigen-a-san-pedro-cholula-regular-ambulantaje\/","title":{"rendered":"Comerciantes de Parque Soria exigen a San Pedro Cholula regular ambulantaje"},"content":{"rendered":"\n<p class=\"wp-block-paragraph\">Comerciantes de seis organizaciones exigieron atender el ambulantaje que se ha instalado en la zona de Parque Soria, en la zona de San Pedro Cholula, debido a que sus ventas han bajado 9 por ciento, por ello piden a la autoridad municipal que trate de reubicarlos o retirarlos.<\/p>\n\n\n\n<p class=\"wp-block-paragraph\">Desde la ma\u00f1ana del domingo comenzaron a instalarse en la calle para manifestar su inconformidad, con ello integrantes de la Agrupaci\u00f3n Xelhua denunciaron que no han tenido respuesta por parte del ayuntamiento.<\/p>\n\n\n\n<p class=\"wp-block-paragraph\">Entre las peticiones m\u00e1s prontas est\u00e1 la reubicaci\u00f3n de los informales, as\u00ed como una pronta soluci\u00f3n del problema, debido a que est\u00e1 en riesgo su patrimonio, por lo que dijo se estar\u00e1n inconformando cada vez que sea necesario.<\/p>\n\n\n\n<p class=\"wp-block-paragraph\">En este sentido, comentaron que tuvieron un acercamiento mediante mesas de trabajo con el departamento de Seguridad P\u00fablica, donde externaron sus inconformidades.<\/p>\n\n\n\n<p class=\"wp-block-paragraph\">Por esta raz\u00f3n ingresaron un documento a la Secretar\u00eda de Gobernaci\u00f3n para buscar una audiencia con la presidenta municipal de San Pedro Cholula, Paola Angon Silva, y poder llegar a acuerdos.<\/p>\n","protected":false},"excerpt":{"rendered":"<p>Comerciantes de seis organizaciones exigieron atender el ambulantaje que se ha instalado en la zona de Parque Soria, en la zona de San Pedro Cholula, debido a que sus ventas han bajado 9 por ciento, por ello piden a la autoridad municipal que trate de reubicarlos o retirarlos. Desde la ma\u00f1ana del domingo comenzaron a [&hellip;]<\/p>\n","protected":false},"author":4,"featured_media":45889,"comment_status":"open","ping_status":"open","sticky":false,"template":"","format":"standard","meta":{"om_disable_all_campaigns":false,"_monsterinsights_skip_tracking":false,"footnotes":""},"categories":[175],"tags":[234,223],"class_list":["post-45888","post","type-post","status-publish","format-standard","has-post-thumbnail","hentry","category-local","tag-cholula","tag-puebla"],"amp_enabled":true,"_links":{"self":[{"href":"https:\/\/lahora.mx\/index.php\/wp-json\/wp\/v2\/posts\/45888","targetHints":{"allow":["GET"]}}],"collection":[{"href":"https:\/\/lahora.mx\/index.php\/wp-json\/wp\/v2\/posts"}],"about":[{"href":"https:\/\/lahora.mx\/index.php\/wp-json\/wp\/v2\/types\/post"}],"author":[{"embeddable":true,"href":"https:\/\/lahora.mx\/index.php\/wp-json\/wp\/v2\/users\/4"}],"replies":[{"embeddable":true,"href":"https:\/\/lahora.mx\/index.php\/wp-json\/wp\/v2\/comments?post=45888"}],"version-history":[{"count":1,"href":"https:\/\/lahora.mx\/index.php\/wp-json\/wp\/v2\/posts\/45888\/revisions"}],"predecessor-version":[{"id":45890,"href":"https:\/\/lahora.mx\/index.php\/wp-json\/wp\/v2\/posts\/45888\/revisions\/45890"}],"wp:featuredmedia":[{"embeddable":true,"href":"https:\/\/lahora.mx\/index.php\/wp-json\/wp\/v2\/media\/45889"}],"wp:attachment":[{"href":"https:\/\/lahora.mx\/index.php\/wp-json\/wp\/v2\/media?parent=45888"}],"wp:term":[{"taxonomy":"category","embeddable":true,"href":"https:\/\/lahora.mx\/index.php\/wp-json\/wp\/v2\/categories?post=45888"},{"taxonomy":"post_tag","embeddable":true,"href":"https:\/\/lahora.mx\/index.php\/wp-json\/wp\/v2\/tags?post=45888"}],"curies":[{"name":"wp","href":"https:\/\/api.w.org\/{rel}","templated":true}]}}