{"id":45821,"date":"2024-05-10T23:28:36","date_gmt":"2024-05-10T23:28:36","guid":{"rendered":"http:\/\/lahora.mx\/?p=45821"},"modified":"2024-05-10T23:28:36","modified_gmt":"2024-05-10T23:28:36","slug":"madres-cambian-rosas-por-picos-y-varillas-para-hallar-a-sus-hijos","status":"publish","type":"post","link":"https:\/\/lahora.mx\/index.php\/2024\/05\/10\/madres-cambian-rosas-por-picos-y-varillas-para-hallar-a-sus-hijos\/","title":{"rendered":"Madres cambian rosas por picos y varillas para hallar a sus hijos"},"content":{"rendered":"\n<p>\u00abEl 10 de mayo hemos cambiado un ramo de rosas, por una varilla, una pala, un pico\u00bb, expres\u00f3 Mar\u00eda Luisa N\u00fa\u00f1ez Barojas, l\u00edder del colectivo Voz de los Desaparecidos, quien exigi\u00f3 al gobierno estatal y a la Fiscal\u00eda General del Estado (FGE) la b\u00fasqueda real y seria de sus seres queridos.<\/p>\n\n\n\n<p>La Voz de los Desaparecidos llev\u00f3 a cabo una protesta este D\u00eda de la Madre, ya que para las mujeres que integran este colectivo el \u00ab10 de mayo no es d\u00eda de fiesta, es d\u00eda de lucha, de lucha y de protesta\u00bb, se\u00f1alaron.<\/p>\n\n\n\n<p>Cerca de las 10:00 horas de este viernes 10 de mayo, las madres buscadoras se reunieron en la Catedral Metropolitana para escuchar la misa encabezada por el arzobispo de Puebla, V\u00edctor S\u00e1nchez Espinosa.<\/p>\n\n\n\n<p>Ah\u00ed, pegaron cartulinas, lonas y fichas de b\u00fasqueda para recordarle a la sociedad que contin\u00faan en pie de lucha por sus hijos y seres queridos.<\/p>\n\n\n\n<p>Durante la homil\u00eda, el l\u00edder de la grey cat\u00f3lica en Puebla llam\u00f3 a tener conciencia y ser solidarios con las v\u00edctimas de desaparici\u00f3n y sus familiares y reiter\u00f3 el compromiso de la Arquidi\u00f3cesis para brindar auxilio espiritual a los colectivos.<\/p>\n\n\n\n<p>Desde la Catedral de Puebla, S\u00e1nchez Espinosa pidi\u00f3 a las madres buscadoras no perder la esperanza durante el trabajo de localizaci\u00f3n de sus familiares v\u00edctimas de desaparici\u00f3n forzada.<\/p>\n\n\n\n<p>Al t\u00e9rmino de la misa, se acerc\u00f3 con cada una de las madres buscadoras para darles su bendici\u00f3n y solidarizarse con ellas.<\/p>\n\n\n\n<p>\u00abRicardo Galdavis, en la casa la silla vac\u00eda te espera\u00bb, \u00abJuan de Dios, descanse en paz, ya que t\u00fa eres la semilla para seguir buscando a nuestros hijos desaparecidos\u00bb, expres\u00f3 el colectivo Voz de Los Desaparecidos desde la Catedral de Puebla.<\/p>\n\n\n\n<p>Posteriormente, el grupo camin\u00f3 hacia la plancha del Z\u00f3calo en donde pronunci\u00f3 diversas consignas: \u00abHijo, escucha, tu madre est\u00e1 en la lucha\u00bb, \u00ab\u00bfPor qu\u00e9 los buscamos? Porque los queremos\u00bb, \u00abDe Norte a Sur, de Este a Oeste, seguiremos en la lucha\u00bb, \u00ab10 de mayo no es de fiesta, es de lucha y protesta\u00bb, fue parte de lo que se escuch\u00f3 durante su camino.<\/p>\n\n\n\n<p>Ah\u00ed, en el Z\u00f3calo, la activista N\u00fa\u00f1ez Barojas, lament\u00f3 que ahora haya m\u00e1s madres que se vean en la necesidad de tomar las calles para ir en busca de sus desaparecidos.<\/p>\n\n\n\n<p>Dijo que este D\u00eda de la Madre es \u00abun d\u00eda m\u00e1s\u00bb para muchas personas sin su ser querido, un d\u00eda m\u00e1s de dolor, de angustia y desesperaci\u00f3n.<\/p>\n\n\n\n<p>\u00abHoy estamos aqu\u00ed las madres que buscan a sus seres queridos, pues es el \u00fanico regalo que necesitan, ellas no requieren joyas, ropa, comidas especiales, s\u00f3lo necesitan y tienen derecho de abrazar a sus hijas e hijos, pero tambi\u00e9n estamos aqu\u00ed por los hijos que no pueden abrazar a sus madres, porque ellas han sido desaparecidas\u00bb, enfatiz\u00f3.<\/p>\n\n\n\n<p>En su mensaje, reproch\u00f3 la falta de resultados por parte del estado y la FGE, quienes les han fallado a las buscadoras, ya que no hacen investigaci\u00f3n y no procuran justicia para las v\u00edctimas.<\/p>\n\n\n\n<p>Asimismo, la activista expuso que el Congreso de Puebla est\u00e1 en deuda con todos los que buscan a sus seres queridos, pues no han podido legislar la Ley de Declaratoria de Ausencia, ya que dejaron su curul para ir en busca de un cargo de elecci\u00f3n popular.<\/p>\n\n\n\n<p>\u00abA ellas no les pueden mentir, a ellas no las pueden enga\u00f1ar que est\u00e1n trabajando porque las madres todos los d\u00edas salen con pico, con pala, con varilla en mano para sacar de las entra\u00f1as de la tierra a sus hijos, aquellos que el gobierno ha convertido en larga data, aquellos que el gobierno ha abandonado, aquellos que han querido de desaparecer\u00bb, finaliz\u00f3 N\u00fa\u00f1ez Barojas.<\/p>\n","protected":false},"excerpt":{"rendered":"<p>\u00abEl 10 de mayo hemos cambiado un ramo de rosas, por una varilla, una pala, un pico\u00bb, expres\u00f3 Mar\u00eda Luisa N\u00fa\u00f1ez Barojas, l\u00edder del colectivo Voz de los Desaparecidos, quien exigi\u00f3 al gobierno estatal y a la Fiscal\u00eda General del Estado (FGE) la b\u00fasqueda real y seria de sus seres queridos. La Voz de los [&hellip;]<\/p>\n","protected":false},"author":4,"featured_media":45822,"comment_status":"open","ping_status":"open","sticky":false,"template":"","format":"standard","meta":{"om_disable_all_campaigns":false,"_monsterinsights_skip_tracking":false,"_monsterinsights_sitenote_active":false,"_monsterinsights_sitenote_note":"","_monsterinsights_sitenote_category":0,"footnotes":""},"categories":[176],"tags":[195],"class_list":["post-45821","post","type-post","status-publish","format-standard","has-post-thumbnail","hentry","category-nacional","tag-principal"],"amp_enabled":true,"_links":{"self":[{"href":"https:\/\/lahora.mx\/index.php\/wp-json\/wp\/v2\/posts\/45821","targetHints":{"allow":["GET"]}}],"collection":[{"href":"https:\/\/lahora.mx\/index.php\/wp-json\/wp\/v2\/posts"}],"about":[{"href":"https:\/\/lahora.mx\/index.php\/wp-json\/wp\/v2\/types\/post"}],"author":[{"embeddable":true,"href":"https:\/\/lahora.mx\/index.php\/wp-json\/wp\/v2\/users\/4"}],"replies":[{"embeddable":true,"href":"https:\/\/lahora.mx\/index.php\/wp-json\/wp\/v2\/comments?post=45821"}],"version-history":[{"count":1,"href":"https:\/\/lahora.mx\/index.php\/wp-json\/wp\/v2\/posts\/45821\/revisions"}],"predecessor-version":[{"id":45823,"href":"https:\/\/lahora.mx\/index.php\/wp-json\/wp\/v2\/posts\/45821\/revisions\/45823"}],"wp:featuredmedia":[{"embeddable":true,"href":"https:\/\/lahora.mx\/index.php\/wp-json\/wp\/v2\/media\/45822"}],"wp:attachment":[{"href":"https:\/\/lahora.mx\/index.php\/wp-json\/wp\/v2\/media?parent=45821"}],"wp:term":[{"taxonomy":"category","embeddable":true,"href":"https:\/\/lahora.mx\/index.php\/wp-json\/wp\/v2\/categories?post=45821"},{"taxonomy":"post_tag","embeddable":true,"href":"https:\/\/lahora.mx\/index.php\/wp-json\/wp\/v2\/tags?post=45821"}],"curies":[{"name":"wp","href":"https:\/\/api.w.org\/{rel}","templated":true}]}}