{"id":45801,"date":"2024-05-10T19:26:19","date_gmt":"2024-05-10T19:26:19","guid":{"rendered":"http:\/\/lahora.mx\/?p=45801"},"modified":"2024-05-10T19:26:19","modified_gmt":"2024-05-10T19:26:19","slug":"amlo-invita-mariachis-durante-la-mananera-para-celebrar-el-dia-de-la-madre","status":"publish","type":"post","link":"https:\/\/lahora.mx\/index.php\/2024\/05\/10\/amlo-invita-mariachis-durante-la-mananera-para-celebrar-el-dia-de-la-madre\/","title":{"rendered":"AMLO invita mariachis durante la ma\u00f1anera para celebrar el D\u00eda de la Madre."},"content":{"rendered":"\n<p>La ma\u00f1ana de este viernes 10 de mayo, el presidente Andr\u00e9s Manuel L\u00f3pez Obrador apareci\u00f3 en su habitual conferencia de prensa matutina en el Palacio Nacional con un ramo de flores y una sonrisa. El motivo de su peculiar presentaci\u00f3n fue para homenajear a las mujeres mexicanas en el D\u00eda de la Madre.<\/p>\n\n\n\n<p>El mandatario federal anunci\u00f3 que en esta ocasi\u00f3n la ma\u00f1anera no se enfocar\u00eda en temas pol\u00edticos, sino que servir\u00e1 para celebrar a las madres que todav\u00eda forman parte de la vida de los mexicanos y tambi\u00e9n a aquellas mam\u00e1s que ya dejaron este plano.<\/p>\n\n\n\n<p>Por esta raz\u00f3n, el titular del Ejecutivo federal fue claro al indicar que este viernes no hablar\u00eda sobre pol\u00edtica y no responder\u00eda las preguntas de los reporteros.<\/p>\n\n\n\n<p>\u201cA las mam\u00e1s que se nos adelantaron, pero como vamos a decirlo en una canci\u00f3n, hay amor eterno, para todas ellas, nuestro cari\u00f1o, nuestro recuerdo, y para las mam\u00e1s que est\u00e1n con nosotros, mam\u00e1s, abuelitas, a todas, muchas, muchas felicidades, esta ma\u00f1anera comienza con Las Ma\u00f1anitas y vamos a llevar a cabo este homenaje a las madres, nada de pol\u00edtica, nada de preguntas y respuestas, es para las mam\u00e1s, el lunes ya vamos a ponernos al corriente, nos ponemos al d\u00eda, pero ahora es para las mam\u00e1s, mucho amor, amor, amor, amor\u201d, recalc\u00f3 AMLO.<\/p>\n\n\n\n<p>En lugar de la habitual conferencia subi\u00f3 al estrado el mariachi Son de M\u00e9xico para entonar Las Ma\u00f1anitas y sigui\u00f3 con canciones de Juan Gabriel, Pedro Infante y Javier Sol\u00eds como \u201cQuerida\u201d, \u201cAmor Eterno\u201d, \u201cEn tu pelo\u201d y \u201cEntrega total\u201d.<\/p>\n\n\n\n<p>Adem\u00e1s de m\u00fasica de mariachi, hubo sones jarochos interpretados por el grupo Los Albatros, quienes animaron al Sal\u00f3n de Tesorer\u00eda como una verdadera fiesta con temas como \u201cSe\u00f1ora se\u00f1ora\u201d y \u201cHermoso cari\u00f1o\u201d.<\/p>\n","protected":false},"excerpt":{"rendered":"<p>La ma\u00f1ana de este viernes 10 de mayo, el presidente Andr\u00e9s Manuel L\u00f3pez Obrador apareci\u00f3 en su habitual conferencia de prensa matutina en el Palacio Nacional con un ramo de flores y una sonrisa. El motivo de su peculiar presentaci\u00f3n fue para homenajear a las mujeres mexicanas en el D\u00eda de la Madre. El mandatario [&hellip;]<\/p>\n","protected":false},"author":4,"featured_media":45802,"comment_status":"open","ping_status":"open","sticky":false,"template":"","format":"standard","meta":{"om_disable_all_campaigns":false,"_monsterinsights_skip_tracking":false,"_monsterinsights_sitenote_active":false,"_monsterinsights_sitenote_note":"","_monsterinsights_sitenote_category":0,"footnotes":""},"categories":[176],"tags":[],"class_list":["post-45801","post","type-post","status-publish","format-standard","has-post-thumbnail","hentry","category-nacional"],"amp_enabled":true,"_links":{"self":[{"href":"https:\/\/lahora.mx\/index.php\/wp-json\/wp\/v2\/posts\/45801","targetHints":{"allow":["GET"]}}],"collection":[{"href":"https:\/\/lahora.mx\/index.php\/wp-json\/wp\/v2\/posts"}],"about":[{"href":"https:\/\/lahora.mx\/index.php\/wp-json\/wp\/v2\/types\/post"}],"author":[{"embeddable":true,"href":"https:\/\/lahora.mx\/index.php\/wp-json\/wp\/v2\/users\/4"}],"replies":[{"embeddable":true,"href":"https:\/\/lahora.mx\/index.php\/wp-json\/wp\/v2\/comments?post=45801"}],"version-history":[{"count":1,"href":"https:\/\/lahora.mx\/index.php\/wp-json\/wp\/v2\/posts\/45801\/revisions"}],"predecessor-version":[{"id":45803,"href":"https:\/\/lahora.mx\/index.php\/wp-json\/wp\/v2\/posts\/45801\/revisions\/45803"}],"wp:featuredmedia":[{"embeddable":true,"href":"https:\/\/lahora.mx\/index.php\/wp-json\/wp\/v2\/media\/45802"}],"wp:attachment":[{"href":"https:\/\/lahora.mx\/index.php\/wp-json\/wp\/v2\/media?parent=45801"}],"wp:term":[{"taxonomy":"category","embeddable":true,"href":"https:\/\/lahora.mx\/index.php\/wp-json\/wp\/v2\/categories?post=45801"},{"taxonomy":"post_tag","embeddable":true,"href":"https:\/\/lahora.mx\/index.php\/wp-json\/wp\/v2\/tags?post=45801"}],"curies":[{"name":"wp","href":"https:\/\/api.w.org\/{rel}","templated":true}]}}