{"id":45782,"date":"2024-05-09T22:49:47","date_gmt":"2024-05-09T22:49:47","guid":{"rendered":"http:\/\/lahora.mx\/?p=45782"},"modified":"2024-05-09T22:49:48","modified_gmt":"2024-05-09T22:49:48","slug":"buscan-prohibir-que-menores-de-12-anos-viajen-en-motocicleta","status":"publish","type":"post","link":"https:\/\/lahora.mx\/index.php\/2024\/05\/09\/buscan-prohibir-que-menores-de-12-anos-viajen-en-motocicleta\/","title":{"rendered":"Buscan prohibir que menores de 12 a\u00f1os viajen en motocicleta"},"content":{"rendered":"\n<p>La diputada panista Guadalupe Leal Rodr\u00edguez present\u00f3 una iniciativa con la que se buscar\u00eda impedir que ni\u00f1os menores de 12 a\u00f1os viajen en motocicleta, con el argumento de que no son capaces de sujetarse por s\u00ed mismos, pasando por alto las medidas de seguridad necesarias.<\/p>\n\n\n\n<p>En la sesi\u00f3n permanente de este 9 de mayo la panista present\u00f3 la iniciativa para reformar el art\u00edculo 123 de la Ley de Movilidad y Seguridad Vial del Estado de Puebla, esto con el fin de prohibir que menores de 12 a\u00f1os viajen en motocicletas.<\/p>\n\n\n\n<p>Lupita Leal coment\u00f3 que est\u00e1 propuesta va de la mano con la reforma que plantearon a nivel federal los diputados en el art\u00edculo 49 de la Ley General de Movilidad y Seguridad Vial, a fin de evitar que menores conduzcan o viajen en veh\u00edculo motorizados de dos ruedas sin las condiciones necesarias.<\/p>\n\n\n\n<p>De acuerdo con la diputada, la reforma se fundamenta en la necesidad de mejorar la seguridad vial y proteger la integridad f\u00edsica de quienes utilizan motocicleta, con enfoque de protecci\u00f3n de ni\u00f1as y ni\u00f1os.<\/p>\n\n\n\n<p>Lo que busca la panista es integrar un p\u00e1rrafo en el art\u00edculo 123 a fin de que se imponga la prohibici\u00f3n a cualquier persona, conductora y o pasajero menor de 12 a\u00f1os a viajar en motocicleta, lo cual no est\u00e1 integrado.<\/p>\n\n\n\n<p>Lupita Leal explic\u00f3 que la reforma se gener\u00f3 al considerar que los menores de 12 a\u00f1os no pueden sujetarse por s\u00ed mismos al veh\u00edculo y tampoco pueden colocar sus pies en los estribos o posapies.<\/p>\n\n\n\n<p>A nivel nacional la diputada del PAN que propuso est\u00e1 prohibici\u00f3n, Georgina G\u00f3mez Madrigal, asegur\u00f3 que es necesario regular el viaje en motocicleta a fin de prevenir accidentes y p\u00e9rdidas humanas, adem\u00e1s de proteger a los menores de edad.<\/p>\n\n\n\n<p>Por su parte, el diputado federal de MC que apoyo esta reforma dijo que los ni\u00f1os corren peligro al viajar en este tipo de veh\u00edculos, ya que no cuentan con las medidas de seguridad necesarias.<\/p>\n","protected":false},"excerpt":{"rendered":"<p>La diputada panista Guadalupe Leal Rodr\u00edguez present\u00f3 una iniciativa con la que se buscar\u00eda impedir que ni\u00f1os menores de 12 a\u00f1os viajen en motocicleta, con el argumento de que no son capaces de sujetarse por s\u00ed mismos, pasando por alto las medidas de seguridad necesarias. En la sesi\u00f3n permanente de este 9 de mayo la [&hellip;]<\/p>\n","protected":false},"author":4,"featured_media":45783,"comment_status":"open","ping_status":"open","sticky":false,"template":"","format":"standard","meta":{"om_disable_all_campaigns":false,"_monsterinsights_skip_tracking":false,"_monsterinsights_sitenote_active":false,"_monsterinsights_sitenote_note":"","_monsterinsights_sitenote_category":0,"footnotes":""},"categories":[176],"tags":[195],"class_list":["post-45782","post","type-post","status-publish","format-standard","has-post-thumbnail","hentry","category-nacional","tag-principal"],"amp_enabled":true,"_links":{"self":[{"href":"https:\/\/lahora.mx\/index.php\/wp-json\/wp\/v2\/posts\/45782","targetHints":{"allow":["GET"]}}],"collection":[{"href":"https:\/\/lahora.mx\/index.php\/wp-json\/wp\/v2\/posts"}],"about":[{"href":"https:\/\/lahora.mx\/index.php\/wp-json\/wp\/v2\/types\/post"}],"author":[{"embeddable":true,"href":"https:\/\/lahora.mx\/index.php\/wp-json\/wp\/v2\/users\/4"}],"replies":[{"embeddable":true,"href":"https:\/\/lahora.mx\/index.php\/wp-json\/wp\/v2\/comments?post=45782"}],"version-history":[{"count":1,"href":"https:\/\/lahora.mx\/index.php\/wp-json\/wp\/v2\/posts\/45782\/revisions"}],"predecessor-version":[{"id":45784,"href":"https:\/\/lahora.mx\/index.php\/wp-json\/wp\/v2\/posts\/45782\/revisions\/45784"}],"wp:featuredmedia":[{"embeddable":true,"href":"https:\/\/lahora.mx\/index.php\/wp-json\/wp\/v2\/media\/45783"}],"wp:attachment":[{"href":"https:\/\/lahora.mx\/index.php\/wp-json\/wp\/v2\/media?parent=45782"}],"wp:term":[{"taxonomy":"category","embeddable":true,"href":"https:\/\/lahora.mx\/index.php\/wp-json\/wp\/v2\/categories?post=45782"},{"taxonomy":"post_tag","embeddable":true,"href":"https:\/\/lahora.mx\/index.php\/wp-json\/wp\/v2\/tags?post=45782"}],"curies":[{"name":"wp","href":"https:\/\/api.w.org\/{rel}","templated":true}]}}