{"id":45754,"date":"2024-05-09T15:24:14","date_gmt":"2024-05-09T15:24:14","guid":{"rendered":"http:\/\/lahora.mx\/?p=45754"},"modified":"2024-05-09T15:24:16","modified_gmt":"2024-05-09T15:24:16","slug":"continuan-los-apagones-en-puebla-por-segundo-dia-consecutivo","status":"publish","type":"post","link":"https:\/\/lahora.mx\/index.php\/2024\/05\/09\/continuan-los-apagones-en-puebla-por-segundo-dia-consecutivo\/","title":{"rendered":"Contin\u00faan los apagones en Puebla por segundo d\u00eda consecutivo"},"content":{"rendered":"\n<p>Por segundo d\u00eda consecutivo se registraron apagones en poco m\u00e1s de seis colonias de la ciudad de Puebla y otras partes del estado, luego de que el Centro Nacional de Control de Energ\u00eda (CENACE) declar\u00f3 Estado Operativo de Alerta en el Sistema Interconectado Nacional.<\/p>\n\n\n\n<p>A trav\u00e9s de las redes sociales, los ciudadanos informaron que se quedaron sin servicio de luz el\u00e9ctrica en sus viviendas, por lo que solicitaron a la Comisi\u00f3n Federal de Electricidad (CFE) atender la problem\u00e1tica, pues permanente a oscuras.<\/p>\n\n\n\n<p>Las zonas afectadas fueron: Amalucan, San Antonio Abad, Xilotzingo, Bosques de Manzanilla, Rivera Anaya, Joaqu\u00edn Colombres, Nueva Resurrecci\u00f3n, Lomas de M\u00e1rmol, Miguel Hidalgo, Los H\u00e9roes, Valsequillo y Las Torres.<\/p>\n\n\n\n<p>En la red social X, antes Twitter, los usuarios compartieron videos y fotograf\u00edas de calles y viviendas sin luz, lo cual caus\u00f3 el descontento de los ciudadanos.<\/p>\n\n\n\n<p>No solo la capital tuvo afectaciones, sino tambi\u00e9n San Andr\u00e9s y San Pedro Cholula, as\u00ed como Chila de la Sal, pues los habitantes informaron de lo sucedido. A la par urgieron el apoyo de las autoridades a fin de resolver esta problem\u00e1tica.<br><\/p>\n\n\n\n<p>Dicha situaci\u00f3n no es la primera, ya que este 7 de mayo ocurri\u00f3 lo mismo en diferentes estados de la Rep\u00fablica, donde Puebla no qued\u00f3 exento, puesto que en Chignahuapan, Huejotzingo y otras partes de la capital poblana se quedaron sin luz. Esto derivado de la declaratoria de la CENACE en Estado Operativo de Emergencia.<\/p>\n\n\n\n<p>Por la ma\u00f1ana del d\u00eda de ayer, el presidente de M\u00e9xico, Andr\u00e9s Manuel L\u00f3pez Obrador, inform\u00f3 que los cortes de electricidad del d\u00eda de ayer fueron por las altas temperaturas y garantiz\u00f3 que hay suficiente capacidad de generaci\u00f3n de energ\u00eda, por lo que no habr\u00eda m\u00e1s apagones, no obstante, esta situaci\u00f3n se volvi\u00f3 a presentar.<\/p>\n\n\n\n<p>Reportan apagones en La Mixteca<br>La zona de la Mixteca tambi\u00e9n sufri\u00f3 apagones muchos registrados desde las 20:00 horas, present\u00e1ndose en al menos 5 municipios de la zona.<\/p>\n\n\n\n<p>De acuerdo con los pobladores de la regi\u00f3n Mixteca, los apagones se dieron en los municipios de Chila de las Flores, Petlalcingo, Acatl\u00e1n de Osorio, San Pedro Yeloixtlahuaca y Guadalupe Santa Ana.<\/p>\n\n\n\n<p>En estos municipios el apag\u00f3n fue no solo en las cabeceras municipales, sino tambi\u00e9n en comunidades ya que en el municipio de Petlalcingo se reporto apagones en las comunidades de Tepejillo, Sexta de Guadalupe, Salitrillo y m\u00e1s.<\/p>\n\n\n\n<p>Una ciudadana de nombre Lety Torralba, indic\u00f3 que por lo menos CFE debe de avisar a que hora ser\u00e1 el apag\u00f3n y de esta manera estar prevenidos, debido a que muchos negocios viven de la energ\u00eda el\u00e9ctrica.<\/p>\n\n\n\n<p>Otras personas se\u00f1alaron que es importante que se tenga mayor informaci\u00f3n porque suceden los apagones en este momento y de que forma se puede prevenir la gente.<\/p>\n\n\n\n<p>Cabe mencionar que este martes se registraron apagones en Acatl\u00e1n, San Pedro Yeloixtlahuaca, Guadalupe y Tehuitzingo, aunque en Acatl\u00e1n solo fue en algunas partes, mientras que en los dem\u00e1s municipios no hubo apagados.<\/p>\n\n\n\n<p>Con informaci\u00f3n de Brisselda Sarabia.<\/p>\n","protected":false},"excerpt":{"rendered":"<p>Por segundo d\u00eda consecutivo se registraron apagones en poco m\u00e1s de seis colonias de la ciudad de Puebla y otras partes del estado, luego de que el Centro Nacional de Control de Energ\u00eda (CENACE) declar\u00f3 Estado Operativo de Alerta en el Sistema Interconectado Nacional. A trav\u00e9s de las redes sociales, los ciudadanos informaron que se [&hellip;]<\/p>\n","protected":false},"author":4,"featured_media":45755,"comment_status":"open","ping_status":"open","sticky":false,"template":"","format":"standard","meta":{"om_disable_all_campaigns":false,"_monsterinsights_skip_tracking":false,"_monsterinsights_sitenote_active":false,"_monsterinsights_sitenote_note":"","_monsterinsights_sitenote_category":0,"footnotes":""},"categories":[176],"tags":[195,223],"class_list":["post-45754","post","type-post","status-publish","format-standard","has-post-thumbnail","hentry","category-nacional","tag-principal","tag-puebla"],"amp_enabled":true,"_links":{"self":[{"href":"https:\/\/lahora.mx\/index.php\/wp-json\/wp\/v2\/posts\/45754","targetHints":{"allow":["GET"]}}],"collection":[{"href":"https:\/\/lahora.mx\/index.php\/wp-json\/wp\/v2\/posts"}],"about":[{"href":"https:\/\/lahora.mx\/index.php\/wp-json\/wp\/v2\/types\/post"}],"author":[{"embeddable":true,"href":"https:\/\/lahora.mx\/index.php\/wp-json\/wp\/v2\/users\/4"}],"replies":[{"embeddable":true,"href":"https:\/\/lahora.mx\/index.php\/wp-json\/wp\/v2\/comments?post=45754"}],"version-history":[{"count":1,"href":"https:\/\/lahora.mx\/index.php\/wp-json\/wp\/v2\/posts\/45754\/revisions"}],"predecessor-version":[{"id":45756,"href":"https:\/\/lahora.mx\/index.php\/wp-json\/wp\/v2\/posts\/45754\/revisions\/45756"}],"wp:featuredmedia":[{"embeddable":true,"href":"https:\/\/lahora.mx\/index.php\/wp-json\/wp\/v2\/media\/45755"}],"wp:attachment":[{"href":"https:\/\/lahora.mx\/index.php\/wp-json\/wp\/v2\/media?parent=45754"}],"wp:term":[{"taxonomy":"category","embeddable":true,"href":"https:\/\/lahora.mx\/index.php\/wp-json\/wp\/v2\/categories?post=45754"},{"taxonomy":"post_tag","embeddable":true,"href":"https:\/\/lahora.mx\/index.php\/wp-json\/wp\/v2\/tags?post=45754"}],"curies":[{"name":"wp","href":"https:\/\/api.w.org\/{rel}","templated":true}]}}