{"id":45732,"date":"2024-05-08T22:05:01","date_gmt":"2024-05-08T22:05:01","guid":{"rendered":"http:\/\/lahora.mx\/?p=45732"},"modified":"2024-05-08T22:05:02","modified_gmt":"2024-05-08T22:05:02","slug":"obispo-salvador-rangel-no-presentara-denuncias","status":"publish","type":"post","link":"https:\/\/lahora.mx\/index.php\/2024\/05\/08\/obispo-salvador-rangel-no-presentara-denuncias\/","title":{"rendered":"Obispo Salvador Rangel no presentar\u00e1 denuncias"},"content":{"rendered":"\n<p>El obispo em\u00e9rito de la Di\u00f3cesis de Chilpancingo-Chilapa, Guerrero, Salvador Rangel Mendoza, se\u00f1al\u00f3 a trav\u00e9s de un comunicado que no presentar\u00e1 ninguna denuncia contra las personas que \u201ctanto mal le han hecho\u201d.<\/p>\n\n\n\n<p>Tras su desaparici\u00f3n y posterior localizaci\u00f3n, solicit\u00f3 a los medios de comunicaci\u00f3n que \u201ccomprendan y respeten\u201d su decisi\u00f3n, encaminada al bien de su seguridad e integridad f\u00edsica y moral.<\/p>\n\n\n\n<p>\u201cPerdono a todas las personas que me han hecho da\u00f1o por los hechos de los que he sido v\u00edctima, as\u00ed como a aquellos que me han revictimizado producto de la desinformaci\u00f3n\u201d, indic\u00f3 el cl\u00e9rigo.<\/p>\n\n\n\n<p>Por lo que agradeci\u00f3 a las autoridades, tanto legales como eclesi\u00e1sticas, quienes indic\u00f3 han colaborado en este caso, y de manera especial agradeci\u00f3 a Luis Gasca, quien ha sido abogado de Rangel Mendoza.<\/p>\n\n\n\n<p>\u201cMi especial gratitud a todos aquellos que hicieron oraci\u00f3n por mi vida y por mi pronta recuperaci\u00f3n\u201d, a\u00f1adi\u00f3 el obispo.<\/p>\n\n\n\n<p>La desaparici\u00f3n del obispo Salvador Rangel<br>Fue reportado como desaparecido la tarde del lunes, as\u00ed lo dio a conocer la Conferencia del Episcopado Mexicano (CEM), ya que no hab\u00edan tenido noticias del cl\u00e9rigo desde el 27 de abril; sin embargo, horas m\u00e1s tarde fue localizado.<\/p>\n\n\n\n<p>Por este hecho, la Fiscal\u00eda General del Estado de Morelos \u2014donde viv\u00eda desde su retiro y se tuvo contacto con \u00e9l la \u00faltima vez\u2014, inici\u00f3 una carpeta de investigaci\u00f3n por parte de Fiscal\u00eda Especializada en Desaparici\u00f3n Forzada de Personas y Cometida por Particulares.<\/p>\n\n\n\n<p>Por lo que el fiscal de Morelos, Uriel Carmona, inform\u00f3 en entrevista para Milenio Televisi\u00f3n que el obispo fue privado de su libertad por varias horas, y que m\u00e1s tarde, esperaban pudiera declarar sobre lo ocurrido.<\/p>\n\n\n\n<p>\u201cFue privado de la libertad por varias horas, se sabe que est\u00e1 estable, ma\u00f1ana tendremos una declaraci\u00f3n forma\u201d, se\u00f1al\u00f3 Carmona.<\/p>\n\n\n\n<p>Posteriormente se dio a conocer que Rangel fue hallado en un motel de Cuernavaca desnudo, junto a un paquete de condones, adem\u00e1s, tras los ex\u00e1menes toxicol\u00f3gicos se dio a conocer que presuntamente hab\u00eda consumido coca\u00edna y pastillas sindenafil, mejor conocidas como viagra.<\/p>\n","protected":false},"excerpt":{"rendered":"<p>El obispo em\u00e9rito de la Di\u00f3cesis de Chilpancingo-Chilapa, Guerrero, Salvador Rangel Mendoza, se\u00f1al\u00f3 a trav\u00e9s de un comunicado que no presentar\u00e1 ninguna denuncia contra las personas que \u201ctanto mal le han hecho\u201d. Tras su desaparici\u00f3n y posterior localizaci\u00f3n, solicit\u00f3 a los medios de comunicaci\u00f3n que \u201ccomprendan y respeten\u201d su decisi\u00f3n, encaminada al bien de su [&hellip;]<\/p>\n","protected":false},"author":4,"featured_media":45733,"comment_status":"open","ping_status":"open","sticky":false,"template":"","format":"standard","meta":{"om_disable_all_campaigns":false,"_monsterinsights_skip_tracking":false,"_monsterinsights_sitenote_active":false,"_monsterinsights_sitenote_note":"","_monsterinsights_sitenote_category":0,"footnotes":""},"categories":[176],"tags":[223],"class_list":["post-45732","post","type-post","status-publish","format-standard","has-post-thumbnail","hentry","category-nacional","tag-puebla"],"amp_enabled":true,"_links":{"self":[{"href":"https:\/\/lahora.mx\/index.php\/wp-json\/wp\/v2\/posts\/45732","targetHints":{"allow":["GET"]}}],"collection":[{"href":"https:\/\/lahora.mx\/index.php\/wp-json\/wp\/v2\/posts"}],"about":[{"href":"https:\/\/lahora.mx\/index.php\/wp-json\/wp\/v2\/types\/post"}],"author":[{"embeddable":true,"href":"https:\/\/lahora.mx\/index.php\/wp-json\/wp\/v2\/users\/4"}],"replies":[{"embeddable":true,"href":"https:\/\/lahora.mx\/index.php\/wp-json\/wp\/v2\/comments?post=45732"}],"version-history":[{"count":1,"href":"https:\/\/lahora.mx\/index.php\/wp-json\/wp\/v2\/posts\/45732\/revisions"}],"predecessor-version":[{"id":45734,"href":"https:\/\/lahora.mx\/index.php\/wp-json\/wp\/v2\/posts\/45732\/revisions\/45734"}],"wp:featuredmedia":[{"embeddable":true,"href":"https:\/\/lahora.mx\/index.php\/wp-json\/wp\/v2\/media\/45733"}],"wp:attachment":[{"href":"https:\/\/lahora.mx\/index.php\/wp-json\/wp\/v2\/media?parent=45732"}],"wp:term":[{"taxonomy":"category","embeddable":true,"href":"https:\/\/lahora.mx\/index.php\/wp-json\/wp\/v2\/categories?post=45732"},{"taxonomy":"post_tag","embeddable":true,"href":"https:\/\/lahora.mx\/index.php\/wp-json\/wp\/v2\/tags?post=45732"}],"curies":[{"name":"wp","href":"https:\/\/api.w.org\/{rel}","templated":true}]}}