{"id":45710,"date":"2024-05-08T01:21:16","date_gmt":"2024-05-08T01:21:16","guid":{"rendered":"http:\/\/lahora.mx\/?p=45710"},"modified":"2024-05-08T01:21:17","modified_gmt":"2024-05-08T01:21:17","slug":"astrazeneca-retira-la-vacuna-covid-en-todo-el-mundo-meses-despues-de-admitir-que-puede-causar-un-efecto-secundario-raro-y-peligroso","status":"publish","type":"post","link":"https:\/\/lahora.mx\/index.php\/2024\/05\/08\/astrazeneca-retira-la-vacuna-covid-en-todo-el-mundo-meses-despues-de-admitir-que-puede-causar-un-efecto-secundario-raro-y-peligroso\/","title":{"rendered":"AstraZeneca retira la vacuna Covid en todo el mundo, meses despu\u00e9s de admitir que puede causar un efecto secundario raro y peligroso"},"content":{"rendered":"\n<p>La vacuna Oxford-AstraZeneca contra el Covid est\u00e1 siendo retirada en todo el mundo, meses despu\u00e9s de que el gigante farmac\u00e9utico admitiera por primera vez en documentos judiciales que puede provocar un efecto secundario raro y peligroso .<\/p>\n\n\n\n<p>La vacuna ya no puede utilizarse en la Uni\u00f3n Europea, despu\u00e9s de que la empresa retirara voluntariamente su \u201cautorizaci\u00f3n de comercializaci\u00f3n\u201d. La solicitud de retiro de la vacuna se realiz\u00f3 el 5 de marzo y entr\u00f3 en vigor el martes.<\/p>\n\n\n\n<p>En los pr\u00f3ximos meses se realizar\u00e1n aplicaciones similares en el Reino Unido y en otros pa\u00edses que hab\u00edan aprobado la vacuna, conocida como Vaxzevria.<\/p>\n\n\n\n<p>La decisi\u00f3n de retirarlo pone fin al uso de la vacuna, que fue anunciada por Boris Johnson como un \u201ctriunfo para la ciencia brit\u00e1nica\u201d y a la que se le atribuye haber salvado m\u00e1s de seis millones de vidas.<\/p>\n\n\n\n<p>AstraZeneca dijo que la vacuna estaba siendo retirada de los mercados por razones comerciales. Dijo que la vacuna ya no se fabricaba ni suministraba, ya que hab\u00eda sido reemplazada por vacunas actualizadas que abordan nuevas variantes.<\/p>\n\n\n\n<p>Vaxzevria ha sido objeto de intenso escrutinio en los \u00faltimos meses por un efecto secundario muy raro, que provoca co\u00e1gulos sangu\u00edneos y recuentos bajos de plaquetas. AstraZeneca admiti\u00f3 en documentos judiciales presentados ante el Tribunal Superior en febrero que la vacuna \u201cpuede, en casos muy raros, causar TTS\u201d..<\/p>\n\n\n\n<p>TTS, que significa s\u00edndrome de trombosis con trombocitopenia, se ha relacionado con al menos 81 muertes en el Reino Unido, as\u00ed como con cientos de lesiones graves. AstraZeneca est\u00e1 siendo demandada por m\u00e1s de 50 presuntas v\u00edctimas y familiares afligidos en un caso del Tribunal Superior.<\/p>\n\n\n\n<p>Pero Astrazeneca ha insistido en que la decisi\u00f3n de retirar la vacuna no est\u00e1 vinculada al caso judicial ni a su admisi\u00f3n de que puede causar TTS. Dijo que el momento fue pura coincidencia.<\/p>\n\n\n\n<p>En un comunicado, la compa\u00f1\u00eda dijo: \u201cEstamos incre\u00edblemente orgullosos del papel que desempe\u00f1\u00f3 Vaxzevria para poner fin a la pandemia mundial. Seg\u00fan estimaciones independientes, se salvaron m\u00e1s de 6,5 millones de vidas s\u00f3lo en el primer a\u00f1o de uso y se suministraron m\u00e1s de tres mil millones de dosis en todo el mundo.<\/p>\n\n\n\n<p>\u201cNuestros esfuerzos han sido reconocidos por gobiernos de todo el mundo y son ampliamente considerados como un componente cr\u00edtico para poner fin a la pandemia global.<\/p>\n\n\n\n<p>\u201cDado que desde entonces se han desarrollado m\u00faltiples variantes de vacunas contra el Covid-19, hay un excedente de vacunas actualizadas disponibles. Esto ha provocado una disminuci\u00f3n de la demanda de Vaxzevria, que ya no se fabrica ni se suministra. Por ello, AstraZeneca ha tomado la decisi\u00f3n de iniciar la retirada de las autorizaciones de comercializaci\u00f3n de Vaxzevria en Europa.<\/p>\n\n\n\n<p>\u201cAhora trabajaremos con los reguladores y nuestros socios para alinearnos en un camino claro a seguir para concluir este cap\u00edtulo y una contribuci\u00f3n significativa a la pandemia de Covid-19\u201d.<\/p>\n\n\n\n<p>La compa\u00f1\u00eda dijo: \u201cNos asociaremos con las autoridades reguladoras a nivel mundial para iniciar los retiros de la autorizaci\u00f3n de comercializaci\u00f3n de Vaxzevria, donde no se espera una demanda comercial futura de la vacuna\u201d.<\/p>\n\n\n\n<p>El Gobierno dej\u00f3 en gran medida de utilizar la vacuna Oxford-AstraZeneca en el oto\u00f1o de 2021, momento en el que hab\u00eda suministrado alrededor de 50 millones de dosis en el Reino Unido. Fue reemplazada en el Reino Unido por inyecciones de Pfizer y Moderna a tiempo para la campa\u00f1a de refuerzo de invierno a finales de 2021.<\/p>\n\n\n\n<p>Marco Cavaleri, jefe de vacunas de la Agencia Europea de Medicamentos, el organismo responsable de la seguridad de los medicamentos dentro de la UE, dijo a los medios italianos: \u201cLa autorizaci\u00f3n de la vacuna anti-Covid Vaxzevria de AstraZeneca ser\u00e1 retirada y el proceso ya ha comenz\u00f3 oficialmente con la Comisi\u00f3n Europea. Esto est\u00e1 en l\u00ednea con las expectativas de que se retiren las vacunas actualizadas y que ya no se utilizan, seg\u00fan nuestras indicaciones\u201d.<\/p>\n","protected":false},"excerpt":{"rendered":"<p>La vacuna Oxford-AstraZeneca contra el Covid est\u00e1 siendo retirada en todo el mundo, meses despu\u00e9s de que el gigante farmac\u00e9utico admitiera por primera vez en documentos judiciales que puede provocar un efecto secundario raro y peligroso . La vacuna ya no puede utilizarse en la Uni\u00f3n Europea, despu\u00e9s de que la empresa retirara voluntariamente su [&hellip;]<\/p>\n","protected":false},"author":4,"featured_media":45711,"comment_status":"open","ping_status":"open","sticky":false,"template":"","format":"standard","meta":{"om_disable_all_campaigns":false,"_monsterinsights_skip_tracking":false,"_monsterinsights_sitenote_active":false,"_monsterinsights_sitenote_note":"","_monsterinsights_sitenote_category":0,"footnotes":""},"categories":[183],"tags":[128,195],"class_list":["post-45710","post","type-post","status-publish","format-standard","has-post-thumbnail","hentry","category-internacional","tag-politics","tag-principal"],"amp_enabled":true,"_links":{"self":[{"href":"https:\/\/lahora.mx\/index.php\/wp-json\/wp\/v2\/posts\/45710","targetHints":{"allow":["GET"]}}],"collection":[{"href":"https:\/\/lahora.mx\/index.php\/wp-json\/wp\/v2\/posts"}],"about":[{"href":"https:\/\/lahora.mx\/index.php\/wp-json\/wp\/v2\/types\/post"}],"author":[{"embeddable":true,"href":"https:\/\/lahora.mx\/index.php\/wp-json\/wp\/v2\/users\/4"}],"replies":[{"embeddable":true,"href":"https:\/\/lahora.mx\/index.php\/wp-json\/wp\/v2\/comments?post=45710"}],"version-history":[{"count":1,"href":"https:\/\/lahora.mx\/index.php\/wp-json\/wp\/v2\/posts\/45710\/revisions"}],"predecessor-version":[{"id":45712,"href":"https:\/\/lahora.mx\/index.php\/wp-json\/wp\/v2\/posts\/45710\/revisions\/45712"}],"wp:featuredmedia":[{"embeddable":true,"href":"https:\/\/lahora.mx\/index.php\/wp-json\/wp\/v2\/media\/45711"}],"wp:attachment":[{"href":"https:\/\/lahora.mx\/index.php\/wp-json\/wp\/v2\/media?parent=45710"}],"wp:term":[{"taxonomy":"category","embeddable":true,"href":"https:\/\/lahora.mx\/index.php\/wp-json\/wp\/v2\/categories?post=45710"},{"taxonomy":"post_tag","embeddable":true,"href":"https:\/\/lahora.mx\/index.php\/wp-json\/wp\/v2\/tags?post=45710"}],"curies":[{"name":"wp","href":"https:\/\/api.w.org\/{rel}","templated":true}]}}