{"id":45671,"date":"2024-05-07T17:30:08","date_gmt":"2024-05-07T17:30:08","guid":{"rendered":"http:\/\/lahora.mx\/?p=45671"},"modified":"2024-05-07T17:36:52","modified_gmt":"2024-05-07T17:36:52","slug":"vladimir-putin-nuevamente-presidente-de-rusia-durante-el-periodo-2024-2030","status":"publish","type":"post","link":"https:\/\/lahora.mx\/index.php\/2024\/05\/07\/vladimir-putin-nuevamente-presidente-de-rusia-durante-el-periodo-2024-2030\/","title":{"rendered":"Vladimir Putin nuevamente presidente de Rusia durante el periodo 2024-2030"},"content":{"rendered":"\n<p>Vlad\u00edmir Vlad\u00edmirovich Putin comenz\u00f3 durante la ma\u00f1ana de este 7 de mayo su quinto periodo presidencial al frente de Rusia, tras ganar los comicios federales del pasado 17 de marzo por mayor\u00eda del 87 por ciento; ejercer\u00e1 el cargo hasta 2030, cuando cumpla 77 a\u00f1os.<\/p>\n\n\n\n<p>Con esta quinta envestidura al frente del pa\u00eds ruso, y en caso de completar el periodo presidencial, Vladimir Putin habr\u00e1 consumado 30 a\u00f1os en el m\u00e1ximo poder de uno de los pa\u00edses m\u00e1s grandes del mundo.<\/p>\n\n\n\n<p>Justo a las 12:00 horas de este martes (tiempo local ruso), Putin hizo el juramento de protesta en el Gran Palacio del Kremlin, en Mosc\u00fa. En el evento, que dur\u00f3 cerca de una hora, abord\u00f3 el tema de la defensa nacional y habl\u00f3 sobre el nuevo orden mundial econ\u00f3mico multipolar.<\/p>\n\n\n\n<p>\u201cEn el ejercicio de las facultades de presidente de la Federaci\u00f3n de Rusia, juro respetar y proteger los derechos y libertades del hombre y del ciudadano, cumplir y defender la Constituci\u00f3n, proteger la soberan\u00eda y la independencia, la seguridad y la integridad del Estado, servir fielmente al pueblo\u201d, refiri\u00f3, con la mano izquierda sobre la constituci\u00f3n del pa\u00eds.<\/p>\n\n\n\n<p>Durante su discurso de aceptaci\u00f3n, el presidente Putin habl\u00f3 sobre las relaciones de su pa\u00eds con Occidente, y se\u00f1al\u00f3 que su administraci\u00f3n est\u00e1 dispuesta a mantener el dialogo con la regi\u00f3n; \u201cNosotros no rechazamos el di\u00e1logo con los pa\u00edses occidentales. Depende de ellos\u201d.<\/p>\n\n\n\n<p>\u201cLa elecci\u00f3n es suya: si pretenden seguir intentando frenar el desarrollo de Rusia, continuar con su pol\u00edtica de agresi\u00f3n, de presi\u00f3n incesante sobre nuestro pa\u00eds durante a\u00f1os, o buscar un camino hacia la cooperaci\u00f3n y la paz\u201d, subray\u00f3 el gobernante ruso.<\/p>\n\n\n\n<p>Aunque el evento cont\u00f3 con la asistencia de miles de civiles y decenas de funcionarios, representantes de varios pa\u00edses invitados rechazaron el acudir al evento ya que desaprueban las acciones b\u00e9licas que tom\u00f3 el pa\u00eds contra Ucrania, desde en 2022.<\/p>\n\n\n\n<p>Putin anuncia simulacro con armas nucleares<br>Durante la tarde de ayer, Vladimir Putin orden\u00f3 al ejercito ruso que llevara a cabo un simulacro militar con armas nucleares t\u00e1cticas no estrat\u00e9gicas de corto alcance en la frontera con el pa\u00eds ucraniano.<\/p>\n\n\n\n<p>Los hechos ocurrieron debido a lo que la administraci\u00f3n rusa consider\u00f3 \u201cun aumento en la tensi\u00f3n\u201d entre el pa\u00eds y el bloque occidental, compuesto por Estados Unidos, Reino Unido y Francia, por su apoyo a Ucrania en el encuentro b\u00e9lico que sostienen desde febrero de hace dos a\u00f1os.<\/p>\n\n\n\n<p>Tras los hechos, el Ministerio de Asuntos Exteriores de Rusia expres\u00f3; \u201cEsperamos que este acontecimiento enfr\u00ede a los &#8216;cabezas calientes&#8217; de las capitales occidentales\u201d, y agreg\u00f3 que su ejercito atacar\u00eda instalaciones o equipo militar brit\u00e1nico en Ucrania \u201cy m\u00e1s all\u00e1\u201d, si se descubre que el Kiev utiliza armamento brit\u00e1nico en su contra.<\/p>\n\n\n\n<p>\u201cEst\u00e1n conduciendo (Londres y Par\u00eds) deliberadamente la situaci\u00f3n hacia una mayor escalada de la crisis ucraniana hacia un enfrentamiento militar abierto entre los pa\u00edses de la OTAN [Organizaci\u00f3n del Tratado del Atl\u00e1ntico Norte] y Rusia\u201d, expres\u00f3 la canciller\u00eda rusa posterior al simulacro armado.<\/p>\n","protected":false},"excerpt":{"rendered":"<p>Vlad\u00edmir Vlad\u00edmirovich Putin comenz\u00f3 durante la ma\u00f1ana de este 7 de mayo su quinto periodo presidencial al frente de Rusia, tras ganar los comicios federales del pasado 17 de marzo por mayor\u00eda del 87 por ciento; ejercer\u00e1 el cargo hasta 2030, cuando cumpla 77 a\u00f1os. Con esta quinta envestidura al frente del pa\u00eds ruso, y [&hellip;]<\/p>\n","protected":false},"author":4,"featured_media":45672,"comment_status":"open","ping_status":"open","sticky":false,"template":"","format":"standard","meta":{"om_disable_all_campaigns":false,"_monsterinsights_skip_tracking":false,"_monsterinsights_sitenote_active":false,"_monsterinsights_sitenote_note":"","_monsterinsights_sitenote_category":0,"footnotes":""},"categories":[183],"tags":[195],"class_list":["post-45671","post","type-post","status-publish","format-standard","has-post-thumbnail","hentry","category-internacional","tag-principal"],"amp_enabled":true,"_links":{"self":[{"href":"https:\/\/lahora.mx\/index.php\/wp-json\/wp\/v2\/posts\/45671","targetHints":{"allow":["GET"]}}],"collection":[{"href":"https:\/\/lahora.mx\/index.php\/wp-json\/wp\/v2\/posts"}],"about":[{"href":"https:\/\/lahora.mx\/index.php\/wp-json\/wp\/v2\/types\/post"}],"author":[{"embeddable":true,"href":"https:\/\/lahora.mx\/index.php\/wp-json\/wp\/v2\/users\/4"}],"replies":[{"embeddable":true,"href":"https:\/\/lahora.mx\/index.php\/wp-json\/wp\/v2\/comments?post=45671"}],"version-history":[{"count":1,"href":"https:\/\/lahora.mx\/index.php\/wp-json\/wp\/v2\/posts\/45671\/revisions"}],"predecessor-version":[{"id":45676,"href":"https:\/\/lahora.mx\/index.php\/wp-json\/wp\/v2\/posts\/45671\/revisions\/45676"}],"wp:featuredmedia":[{"embeddable":true,"href":"https:\/\/lahora.mx\/index.php\/wp-json\/wp\/v2\/media\/45672"}],"wp:attachment":[{"href":"https:\/\/lahora.mx\/index.php\/wp-json\/wp\/v2\/media?parent=45671"}],"wp:term":[{"taxonomy":"category","embeddable":true,"href":"https:\/\/lahora.mx\/index.php\/wp-json\/wp\/v2\/categories?post=45671"},{"taxonomy":"post_tag","embeddable":true,"href":"https:\/\/lahora.mx\/index.php\/wp-json\/wp\/v2\/tags?post=45671"}],"curies":[{"name":"wp","href":"https:\/\/api.w.org\/{rel}","templated":true}]}}