{"id":45662,"date":"2024-05-07T15:38:55","date_gmt":"2024-05-07T15:38:55","guid":{"rendered":"http:\/\/lahora.mx\/?p=45662"},"modified":"2024-05-07T15:38:55","modified_gmt":"2024-05-07T15:38:55","slug":"hasta-40-grados-en-el-estado-continuan-las-altas-temperaturas-a-pesar-de-lluvias-fuertes-y-neblina","status":"publish","type":"post","link":"https:\/\/lahora.mx\/index.php\/2024\/05\/07\/hasta-40-grados-en-el-estado-continuan-las-altas-temperaturas-a-pesar-de-lluvias-fuertes-y-neblina\/","title":{"rendered":"Hasta 40 grados en el estado contin\u00faan las altas temperaturas a pesar de lluvias fuertes y neblina"},"content":{"rendered":"\n<p>En el Centro de Reinserci\u00f3n Social (Cereso) de Tehuac\u00e1n, 190 personas en prisi\u00f3n preventiva emitieron su voto anticipado, mientras aquellos que presentan una complicaci\u00f3n de salud y se les dificulta su movilizaci\u00f3n, pero a\u00fan s\u00ed participaron, fueron 10. El acto se realiz\u00f3 en calma.<\/p>\n\n\n\n<p>Ana Guadalupe Piedras Mart\u00ednez, vocal ejecutiva del Instituto Nacional Electoral (INE) en Tehuac\u00e1n, mencion\u00f3 que la votaci\u00f3n se realiz\u00f3 desde las 8:54 horas del 6 de mayo y, para evitar alg\u00fan contratiempo, hubo presencia de la Guardia Nacional, as\u00ed como Polic\u00eda Municipal y del Estado.<\/p>\n\n\n\n<p>Extern\u00f3 que, con las nuevas dos modalidades de votaci\u00f3n, 190 personas en prisi\u00f3n preventiva realizaron su sufragio, aunque solo eligieron al o la presidenta de la Rep\u00fablica Mexicana.<\/p>\n\n\n\n<p>Explic\u00f3 que se ten\u00eda contemplado participaran 214 reclusos, sin embargo, en algunos cambi\u00f3 su situaci\u00f3n jur\u00eddica. Posiblemente fueron puestos en libertad o recibieron sentencia, lo que redujo el n\u00famero de participantes.<\/p>\n\n\n\n<p>Se\u00f1al\u00f3 que para las personas que se encuentran en alguna situaci\u00f3n de salud que impide su movilizaci\u00f3n se contemplaron 27, pero solo aceptaron diez. A ellos los visitaron en su vivienda.<\/p>\n\n\n\n<p>Piedras Mart\u00ednez coment\u00f3 que los votos ser\u00e1n resguardados en un sobre y se \u201cpondr\u00e1 especial cuidado\u201d para que estos sean abiertos hasta las 18:00 horas del 2 de junio.<\/p>\n\n\n\n<p>Mencion\u00f3 que las personas con prisi\u00f3n preventiva que enfrentan alguna situaci\u00f3n de salud s\u00ed votar\u00e1n por presidente municipal, diputados y presidente de la Rep\u00fablica.<\/p>\n","protected":false},"excerpt":{"rendered":"<p>En el Centro de Reinserci\u00f3n Social (Cereso) de Tehuac\u00e1n, 190 personas en prisi\u00f3n preventiva emitieron su voto anticipado, mientras aquellos que presentan una complicaci\u00f3n de salud y se les dificulta su movilizaci\u00f3n, pero a\u00fan s\u00ed participaron, fueron 10. El acto se realiz\u00f3 en calma. Ana Guadalupe Piedras Mart\u00ednez, vocal ejecutiva del Instituto Nacional Electoral (INE) [&hellip;]<\/p>\n","protected":false},"author":4,"featured_media":45663,"comment_status":"open","ping_status":"open","sticky":false,"template":"","format":"standard","meta":{"om_disable_all_campaigns":false,"_monsterinsights_skip_tracking":false,"_monsterinsights_sitenote_active":false,"_monsterinsights_sitenote_note":"","_monsterinsights_sitenote_category":0,"footnotes":""},"categories":[175],"tags":[195,223],"class_list":["post-45662","post","type-post","status-publish","format-standard","has-post-thumbnail","hentry","category-local","tag-principal","tag-puebla"],"amp_enabled":true,"_links":{"self":[{"href":"https:\/\/lahora.mx\/index.php\/wp-json\/wp\/v2\/posts\/45662","targetHints":{"allow":["GET"]}}],"collection":[{"href":"https:\/\/lahora.mx\/index.php\/wp-json\/wp\/v2\/posts"}],"about":[{"href":"https:\/\/lahora.mx\/index.php\/wp-json\/wp\/v2\/types\/post"}],"author":[{"embeddable":true,"href":"https:\/\/lahora.mx\/index.php\/wp-json\/wp\/v2\/users\/4"}],"replies":[{"embeddable":true,"href":"https:\/\/lahora.mx\/index.php\/wp-json\/wp\/v2\/comments?post=45662"}],"version-history":[{"count":1,"href":"https:\/\/lahora.mx\/index.php\/wp-json\/wp\/v2\/posts\/45662\/revisions"}],"predecessor-version":[{"id":45664,"href":"https:\/\/lahora.mx\/index.php\/wp-json\/wp\/v2\/posts\/45662\/revisions\/45664"}],"wp:featuredmedia":[{"embeddable":true,"href":"https:\/\/lahora.mx\/index.php\/wp-json\/wp\/v2\/media\/45663"}],"wp:attachment":[{"href":"https:\/\/lahora.mx\/index.php\/wp-json\/wp\/v2\/media?parent=45662"}],"wp:term":[{"taxonomy":"category","embeddable":true,"href":"https:\/\/lahora.mx\/index.php\/wp-json\/wp\/v2\/categories?post=45662"},{"taxonomy":"post_tag","embeddable":true,"href":"https:\/\/lahora.mx\/index.php\/wp-json\/wp\/v2\/tags?post=45662"}],"curies":[{"name":"wp","href":"https:\/\/api.w.org\/{rel}","templated":true}]}}