{"id":45655,"date":"2024-05-07T05:48:47","date_gmt":"2024-05-07T05:48:47","guid":{"rendered":"http:\/\/lahora.mx\/?p=45655"},"modified":"2024-05-07T05:48:47","modified_gmt":"2024-05-07T05:48:47","slug":"abandonan-bebe-de-dos-semanas-de-nacido-en-cholula","status":"publish","type":"post","link":"https:\/\/lahora.mx\/index.php\/2024\/05\/07\/abandonan-bebe-de-dos-semanas-de-nacido-en-cholula\/","title":{"rendered":"Abandonan beb\u00e9 de dos semanas de nacido en Cholula"},"content":{"rendered":"\n<p>Un beb\u00e9 de apenas dos semanas de nacido, fue abandonado en una calle del municipio de San Pedro Cholula, la ma\u00f1ana de este d\u00eda.<\/p>\n\n\n\n<p>De acuerdo a informaci\u00f3n ventilada por el gobierno municipal, el hecho ocurri\u00f3 en la junta auxiliar de San Francisco Cuapa.<\/p>\n\n\n\n<p>El peque\u00f1o var\u00f3n, fue dejado a las afueras de un domicilio, \u00fanicamente envuelto en una cobija.<\/p>\n\n\n\n<p>Fueron los vecinos de esta comunidad, quienes alertaron a las autoridades municipales sobre el hallazgo del beb\u00e9, quien afortunadamente se encuentra estable de salud.<\/p>\n\n\n\n<p>A trav\u00e9s de un comunicado de prensa, autoridades locales refieren que el menor est\u00e1 bajo custodia del DIF Municipal y de la Direcci\u00f3n de Prevenci\u00f3n del Delito y Atenci\u00f3n a V\u00edctimas, pero se iniciar\u00e1 el protocolo correspondiente a fin de iniciar la investigaci\u00f3n de rigor y determinar su custodia.<br><\/p>\n\n\n\n<p>Se debe decir que una uniformada de la Polic\u00eda Municipal, as\u00ed como param\u00e9dicos y personal de Protecci\u00f3n Civil, fueron quienes brindar\u00e1n la primera atenci\u00f3n al beb\u00e9.<\/p>\n\n\n\n<p>Se desconocen m\u00e1s detalles de este caso ocurrido en San Francisco Cuapa, comunidad cholulteca que es altamente expulsora de migrantes a Estados Unidos, pues el 50 por ciento de su poblaci\u00f3n radica, ya sea de forma legal o ilegal en dicho pa\u00eds.<\/p>\n","protected":false},"excerpt":{"rendered":"<p>Un beb\u00e9 de apenas dos semanas de nacido, fue abandonado en una calle del municipio de San Pedro Cholula, la ma\u00f1ana de este d\u00eda. De acuerdo a informaci\u00f3n ventilada por el gobierno municipal, el hecho ocurri\u00f3 en la junta auxiliar de San Francisco Cuapa. El peque\u00f1o var\u00f3n, fue dejado a las afueras de un domicilio, [&hellip;]<\/p>\n","protected":false},"author":4,"featured_media":45656,"comment_status":"open","ping_status":"open","sticky":false,"template":"","format":"standard","meta":{"om_disable_all_campaigns":false,"_monsterinsights_skip_tracking":false,"_monsterinsights_sitenote_active":false,"_monsterinsights_sitenote_note":"","_monsterinsights_sitenote_category":0,"footnotes":""},"categories":[175,226],"tags":[234,223],"class_list":["post-45655","post","type-post","status-publish","format-standard","has-post-thumbnail","hentry","category-local","category-policia","tag-cholula","tag-puebla"],"amp_enabled":true,"_links":{"self":[{"href":"https:\/\/lahora.mx\/index.php\/wp-json\/wp\/v2\/posts\/45655","targetHints":{"allow":["GET"]}}],"collection":[{"href":"https:\/\/lahora.mx\/index.php\/wp-json\/wp\/v2\/posts"}],"about":[{"href":"https:\/\/lahora.mx\/index.php\/wp-json\/wp\/v2\/types\/post"}],"author":[{"embeddable":true,"href":"https:\/\/lahora.mx\/index.php\/wp-json\/wp\/v2\/users\/4"}],"replies":[{"embeddable":true,"href":"https:\/\/lahora.mx\/index.php\/wp-json\/wp\/v2\/comments?post=45655"}],"version-history":[{"count":1,"href":"https:\/\/lahora.mx\/index.php\/wp-json\/wp\/v2\/posts\/45655\/revisions"}],"predecessor-version":[{"id":45657,"href":"https:\/\/lahora.mx\/index.php\/wp-json\/wp\/v2\/posts\/45655\/revisions\/45657"}],"wp:featuredmedia":[{"embeddable":true,"href":"https:\/\/lahora.mx\/index.php\/wp-json\/wp\/v2\/media\/45656"}],"wp:attachment":[{"href":"https:\/\/lahora.mx\/index.php\/wp-json\/wp\/v2\/media?parent=45655"}],"wp:term":[{"taxonomy":"category","embeddable":true,"href":"https:\/\/lahora.mx\/index.php\/wp-json\/wp\/v2\/categories?post=45655"},{"taxonomy":"post_tag","embeddable":true,"href":"https:\/\/lahora.mx\/index.php\/wp-json\/wp\/v2\/tags?post=45655"}],"curies":[{"name":"wp","href":"https:\/\/api.w.org\/{rel}","templated":true}]}}