{"id":45615,"date":"2024-05-06T22:15:13","date_gmt":"2024-05-06T22:15:13","guid":{"rendered":"http:\/\/lahora.mx\/?p=45615"},"modified":"2024-05-06T22:15:14","modified_gmt":"2024-05-06T22:15:14","slug":"este-lunes-presos-votaran-por-presidente-de-la-republica","status":"publish","type":"post","link":"https:\/\/lahora.mx\/index.php\/2024\/05\/06\/este-lunes-presos-votaran-por-presidente-de-la-republica\/","title":{"rendered":"Este lunes presos votar\u00e1n por Presidente de la Rep\u00fablica"},"content":{"rendered":"\n<p>A partir de ma\u00f1ana comenzar\u00e1n a votar las mil 71 personas del estado de Puebla que est\u00e1n en prisi\u00f3n preventiva, para elegir al pr\u00f3ximo presidente o presidenta del pa\u00eds: Claudia Sheinbaum Pardo, Xochitl G\u00e1lvez Ruiz y Jorge \u00c1lvarez M\u00e1ynez, tal como lo acord\u00f3 el Instituto Nacional Electoral (INE) para la puesta en marcha del voto anticipado.<\/p>\n\n\n\n<p>De acuerdo con lo previamente aprobado por el Consejo General de la autoridad electoral, la jornada electoral se llevar\u00e1 a cabo del 6 al 20 de mayo, en un horario de 9:00 horas a 17:00 horas y solamente aplicar\u00e1 para la presidencia del pa\u00eds.<\/p>\n\n\n\n<p>Las personas que participar\u00e1n en el ejercicio electoral son los que se encuentran registrados en el Padr\u00f3n Electoral Penitenciario, que se integr\u00f3 tras un procedimiento en el que se revisaron los documentos originales de las personas.<br><\/p>\n\n\n\n<p>A partir de ma\u00f1ana comenzar\u00e1n a votar las mil 71 personas del estado de Puebla que est\u00e1n en prisi\u00f3n preventiva, para elegir al pr\u00f3ximo presidente o presidenta del pa\u00eds: Claudia Sheinbaum Pardo, Xochitl G\u00e1lvez Ruiz y Jorge \u00c1lvarez M\u00e1ynez, tal como lo acord\u00f3 el Instituto Nacional Electoral (INE) para la puesta en marcha del voto anticipado.<\/p>\n\n\n\n<p>De acuerdo con lo previamente aprobado por el Consejo General de la autoridad electoral, la jornada electoral se llevar\u00e1 a cabo del 6 al 20 de mayo, en un horario de 9:00 horas a 17:00 horas y solamente aplicar\u00e1 para la presidencia del pa\u00eds.<\/p>\n\n\n\n<p>Las personas que participar\u00e1n en el ejercicio electoral son los que se encuentran registrados en el Padr\u00f3n Electoral Penitenciario, que se integr\u00f3 tras un procedimiento en el que se revisaron los documentos originales de las personas.<\/p>\n","protected":false},"excerpt":{"rendered":"<p>A partir de ma\u00f1ana comenzar\u00e1n a votar las mil 71 personas del estado de Puebla que est\u00e1n en prisi\u00f3n preventiva, para elegir al pr\u00f3ximo presidente o presidenta del pa\u00eds: Claudia Sheinbaum Pardo, Xochitl G\u00e1lvez Ruiz y Jorge \u00c1lvarez M\u00e1ynez, tal como lo acord\u00f3 el Instituto Nacional Electoral (INE) para la puesta en marcha del voto [&hellip;]<\/p>\n","protected":false},"author":4,"featured_media":45616,"comment_status":"open","ping_status":"open","sticky":false,"template":"","format":"standard","meta":{"om_disable_all_campaigns":false,"_monsterinsights_skip_tracking":false,"_monsterinsights_sitenote_active":false,"_monsterinsights_sitenote_note":"","_monsterinsights_sitenote_category":0,"footnotes":""},"categories":[175],"tags":[223],"class_list":["post-45615","post","type-post","status-publish","format-standard","has-post-thumbnail","hentry","category-local","tag-puebla"],"amp_enabled":true,"_links":{"self":[{"href":"https:\/\/lahora.mx\/index.php\/wp-json\/wp\/v2\/posts\/45615","targetHints":{"allow":["GET"]}}],"collection":[{"href":"https:\/\/lahora.mx\/index.php\/wp-json\/wp\/v2\/posts"}],"about":[{"href":"https:\/\/lahora.mx\/index.php\/wp-json\/wp\/v2\/types\/post"}],"author":[{"embeddable":true,"href":"https:\/\/lahora.mx\/index.php\/wp-json\/wp\/v2\/users\/4"}],"replies":[{"embeddable":true,"href":"https:\/\/lahora.mx\/index.php\/wp-json\/wp\/v2\/comments?post=45615"}],"version-history":[{"count":1,"href":"https:\/\/lahora.mx\/index.php\/wp-json\/wp\/v2\/posts\/45615\/revisions"}],"predecessor-version":[{"id":45617,"href":"https:\/\/lahora.mx\/index.php\/wp-json\/wp\/v2\/posts\/45615\/revisions\/45617"}],"wp:featuredmedia":[{"embeddable":true,"href":"https:\/\/lahora.mx\/index.php\/wp-json\/wp\/v2\/media\/45616"}],"wp:attachment":[{"href":"https:\/\/lahora.mx\/index.php\/wp-json\/wp\/v2\/media?parent=45615"}],"wp:term":[{"taxonomy":"category","embeddable":true,"href":"https:\/\/lahora.mx\/index.php\/wp-json\/wp\/v2\/categories?post=45615"},{"taxonomy":"post_tag","embeddable":true,"href":"https:\/\/lahora.mx\/index.php\/wp-json\/wp\/v2\/tags?post=45615"}],"curies":[{"name":"wp","href":"https:\/\/api.w.org\/{rel}","templated":true}]}}