{"id":45609,"date":"2024-05-06T15:45:41","date_gmt":"2024-05-06T15:45:41","guid":{"rendered":"http:\/\/lahora.mx\/?p=45609"},"modified":"2024-05-06T15:45:41","modified_gmt":"2024-05-06T15:45:41","slug":"una-colombiana-la-atacante-de-eduardo-rivera","status":"publish","type":"post","link":"https:\/\/lahora.mx\/index.php\/2024\/05\/06\/una-colombiana-la-atacante-de-eduardo-rivera\/","title":{"rendered":"Una colombiana, la atacante de Eduardo Rivera"},"content":{"rendered":"\n<p>Robo, allanamiento de morada y lesiones, son los delitos que por el momento enfrentan el hombre y la mujer colombiana detenidos por los hechos ocurridos la noche del pasado s\u00e1bado al interior del fraccionamiento donde vive el candidato a la gubernatura de la alianza Mejor Rumbo para Puebla, Eduardo Rivera P\u00e9rez, revel\u00f3 este d\u00eda el fiscal general del estado, Gilberto Higuera Bernal, quien agreg\u00f3 que no descarta otras l\u00edneas de investigaci\u00f3n.<\/p>\n\n\n\n<p>Al t\u00e9rmino del desfile conmemorativo por la Batalla del 5 de Mayo, el titular de la Fiscal\u00eda General del Estado (FGE) indic\u00f3 que \u201clo que yo conozco y estamos investigando es la puesta a disposici\u00f3n de dos personas, un hombre y una mujer que fueron detenidos por la polic\u00eda municipal por haberse introducido a un domicilio particular en el fraccionamiento donde vive el candidato Eduardo Rivera\u201d.<\/p>\n\n\n\n<p>Agreg\u00f3 que en la Fiscal\u00eda de Puebla se recibieron las denuncias de las personas afectadas y se realizan las investigaciones por el caso ya que hubo robo, personas lesionadas (tres) y el allanamiento al domicilio.<br><\/p>\n\n\n\n<p>Al ser cuestionado sobre si realmente se trat\u00f3 de un ataque pol\u00edtico y si se ten\u00eda pensado llamar a declarar a Eduardo Rivera, el fiscal del estado asever\u00f3 que por ahora no descarta ning\u00fan m\u00f3vil y tampoco tiene previsto llamar a declarar al candidato.<\/p>\n\n\n\n<p>De igual forma, al preguntarle sobre si se desecha el atentado como la l\u00ednea de investigaci\u00f3n, el funcionario dijo que no descarta otras l\u00edneas en la indagatoria.<\/p>\n\n\n\n<p>A su vez confirm\u00f3 que la mujer detenida es de origen colombiano.<\/p>\n\n\n\n<p>Es as\u00ed como en pr\u00f3ximas horas se definir\u00e1 la situaci\u00f3n legal de las dos personas aseguradas.<\/p>\n","protected":false},"excerpt":{"rendered":"<p>Robo, allanamiento de morada y lesiones, son los delitos que por el momento enfrentan el hombre y la mujer colombiana detenidos por los hechos ocurridos la noche del pasado s\u00e1bado al interior del fraccionamiento donde vive el candidato a la gubernatura de la alianza Mejor Rumbo para Puebla, Eduardo Rivera P\u00e9rez, revel\u00f3 este d\u00eda el [&hellip;]<\/p>\n","protected":false},"author":4,"featured_media":45610,"comment_status":"open","ping_status":"open","sticky":false,"template":"","format":"standard","meta":{"om_disable_all_campaigns":false,"_monsterinsights_skip_tracking":false,"_monsterinsights_sitenote_active":false,"_monsterinsights_sitenote_note":"","_monsterinsights_sitenote_category":0,"footnotes":""},"categories":[175,226],"tags":[223],"class_list":["post-45609","post","type-post","status-publish","format-standard","has-post-thumbnail","hentry","category-local","category-policia","tag-puebla"],"amp_enabled":true,"_links":{"self":[{"href":"https:\/\/lahora.mx\/index.php\/wp-json\/wp\/v2\/posts\/45609","targetHints":{"allow":["GET"]}}],"collection":[{"href":"https:\/\/lahora.mx\/index.php\/wp-json\/wp\/v2\/posts"}],"about":[{"href":"https:\/\/lahora.mx\/index.php\/wp-json\/wp\/v2\/types\/post"}],"author":[{"embeddable":true,"href":"https:\/\/lahora.mx\/index.php\/wp-json\/wp\/v2\/users\/4"}],"replies":[{"embeddable":true,"href":"https:\/\/lahora.mx\/index.php\/wp-json\/wp\/v2\/comments?post=45609"}],"version-history":[{"count":1,"href":"https:\/\/lahora.mx\/index.php\/wp-json\/wp\/v2\/posts\/45609\/revisions"}],"predecessor-version":[{"id":45611,"href":"https:\/\/lahora.mx\/index.php\/wp-json\/wp\/v2\/posts\/45609\/revisions\/45611"}],"wp:featuredmedia":[{"embeddable":true,"href":"https:\/\/lahora.mx\/index.php\/wp-json\/wp\/v2\/media\/45610"}],"wp:attachment":[{"href":"https:\/\/lahora.mx\/index.php\/wp-json\/wp\/v2\/media?parent=45609"}],"wp:term":[{"taxonomy":"category","embeddable":true,"href":"https:\/\/lahora.mx\/index.php\/wp-json\/wp\/v2\/categories?post=45609"},{"taxonomy":"post_tag","embeddable":true,"href":"https:\/\/lahora.mx\/index.php\/wp-json\/wp\/v2\/tags?post=45609"}],"curies":[{"name":"wp","href":"https:\/\/api.w.org\/{rel}","templated":true}]}}