{"id":45606,"date":"2024-05-06T15:42:28","date_gmt":"2024-05-06T15:42:28","guid":{"rendered":"http:\/\/lahora.mx\/?p=45606"},"modified":"2024-05-06T15:42:29","modified_gmt":"2024-05-06T15:42:29","slug":"responde-andres-villegas-lalo-rivera-tu-no-eres-la-victima","status":"publish","type":"post","link":"https:\/\/lahora.mx\/index.php\/2024\/05\/06\/responde-andres-villegas-lalo-rivera-tu-no-eres-la-victima\/","title":{"rendered":"Responde Andr\u00e9s Villegas: Lalo Rivera, t\u00fa no eres la v\u00edctima"},"content":{"rendered":"\n<p>\u201cLalo Rivera, t\u00fa no eres la v\u00edctima\u201d, dijo Andr\u00e9s Villegas, presidente del Consejo Estatal de Morena en Puebla.<\/p>\n\n\n\n<p>Este domingo 5 de mayo, en rueda de prensa de la vocer\u00eda y dirigencia de Morena en Puebla, Villegas Mendoza habl\u00f3 sobre el presunto asalto a donde vive el candidato a la gubernatura.<\/p>\n\n\n\n<p>\u201cLalo Rivera no es la v\u00edctima, en todo caso lo son sus vecinas y lo son todos los poblanos que viven en la capital como consecuencia de su mal gobierno y el de su suplente, Ad\u00e1n Dom\u00ednguez\u201d.<\/p>\n\n\n\n<p>Dijo que es mucha casualidad que esto haya sucedido justo cuando viene el presidente Andr\u00e9s Manuel L\u00f3pez Obrador.<\/p>\n\n\n\n<p>Asegur\u00f3 que la presencia del Presidente obedece a que Puebla es un estado con gobernabilidad gracias al titular del Ejecutivo, Sergio Salom\u00f3n C\u00e9spedes.<\/p>\n\n\n\n<p>Pidi\u00f3 a Lalo Rivera que permita a la Fiscal\u00eda General del Estado (FGE) investigar y dar a conocer qu\u00e9 fue lo que sucedi\u00f3. Que no lo haga \u00e9l violando la ley y sin pruebas.<\/p>\n\n\n\n<p>Finalmente, Villegas Mendoza dijo que la elecci\u00f3n ya est\u00e1 decidida y que las encuestas dicen que sin duda ganar\u00e1 Alejandro Armenta la gubernatura.<\/p>\n\n\n\n<p>\u201cEso nos da mucho gusto porque no queremos que las v\u00edctimas de los malos gobiernos del PAN sean ahora todos los que viven en el estado\u201d.<\/p>\n","protected":false},"excerpt":{"rendered":"<p>\u201cLalo Rivera, t\u00fa no eres la v\u00edctima\u201d, dijo Andr\u00e9s Villegas, presidente del Consejo Estatal de Morena en Puebla. Este domingo 5 de mayo, en rueda de prensa de la vocer\u00eda y dirigencia de Morena en Puebla, Villegas Mendoza habl\u00f3 sobre el presunto asalto a donde vive el candidato a la gubernatura. \u201cLalo Rivera no es [&hellip;]<\/p>\n","protected":false},"author":4,"featured_media":45607,"comment_status":"open","ping_status":"open","sticky":false,"template":"","format":"standard","meta":{"om_disable_all_campaigns":false,"_monsterinsights_skip_tracking":false,"_monsterinsights_sitenote_active":false,"_monsterinsights_sitenote_note":"","_monsterinsights_sitenote_category":0,"footnotes":""},"categories":[175],"tags":[223],"class_list":["post-45606","post","type-post","status-publish","format-standard","has-post-thumbnail","hentry","category-local","tag-puebla"],"amp_enabled":true,"_links":{"self":[{"href":"https:\/\/lahora.mx\/index.php\/wp-json\/wp\/v2\/posts\/45606","targetHints":{"allow":["GET"]}}],"collection":[{"href":"https:\/\/lahora.mx\/index.php\/wp-json\/wp\/v2\/posts"}],"about":[{"href":"https:\/\/lahora.mx\/index.php\/wp-json\/wp\/v2\/types\/post"}],"author":[{"embeddable":true,"href":"https:\/\/lahora.mx\/index.php\/wp-json\/wp\/v2\/users\/4"}],"replies":[{"embeddable":true,"href":"https:\/\/lahora.mx\/index.php\/wp-json\/wp\/v2\/comments?post=45606"}],"version-history":[{"count":1,"href":"https:\/\/lahora.mx\/index.php\/wp-json\/wp\/v2\/posts\/45606\/revisions"}],"predecessor-version":[{"id":45608,"href":"https:\/\/lahora.mx\/index.php\/wp-json\/wp\/v2\/posts\/45606\/revisions\/45608"}],"wp:featuredmedia":[{"embeddable":true,"href":"https:\/\/lahora.mx\/index.php\/wp-json\/wp\/v2\/media\/45607"}],"wp:attachment":[{"href":"https:\/\/lahora.mx\/index.php\/wp-json\/wp\/v2\/media?parent=45606"}],"wp:term":[{"taxonomy":"category","embeddable":true,"href":"https:\/\/lahora.mx\/index.php\/wp-json\/wp\/v2\/categories?post=45606"},{"taxonomy":"post_tag","embeddable":true,"href":"https:\/\/lahora.mx\/index.php\/wp-json\/wp\/v2\/tags?post=45606"}],"curies":[{"name":"wp","href":"https:\/\/api.w.org\/{rel}","templated":true}]}}