{"id":45559,"date":"2024-05-04T02:52:30","date_gmt":"2024-05-04T02:52:30","guid":{"rendered":"http:\/\/lahora.mx\/?p=45559"},"modified":"2024-05-04T02:52:31","modified_gmt":"2024-05-04T02:52:31","slug":"vecinos-de-colonias-de-atlixco-respaldaron-a-ariadna-ayala","status":"publish","type":"post","link":"https:\/\/lahora.mx\/index.php\/2024\/05\/04\/vecinos-de-colonias-de-atlixco-respaldaron-a-ariadna-ayala\/","title":{"rendered":"Vecinos de colonias de Atlixco respaldaron a Ariadna Ayala"},"content":{"rendered":"\n<p>Habitantes de las colonias Hogar y Empleado Federal invitaron a la candidata a la presidencia municipal de Morena, PT y Fuerza Por M\u00e9xico, Ariadna Ayala Camarillo, a una reuni\u00f3n para platicar sobre las propuestas que tiene.<\/p>\n\n\n\n<p>En la convivencia, Ariadna Ayala habl\u00f3 sobre las 48 propuestas que tiene para poder darle continuidad al trabajo que ha realizado.<\/p>\n\n\n\n<p>\u00abVamos a lograr que Atlixco sea el mejor lugar para vivir\u201d, asegur\u00f3 Ariadna Ayala ante los habitantes de ambas colonias.<\/p>\n\n\n\n<p>Por su parte, los vecinos respaldaron a la candidata de Morena y manifestaron que Ariadna Ayala contar\u00e1 con el apoyo de los habitantes.<\/p>\n","protected":false},"excerpt":{"rendered":"<p>Habitantes de las colonias Hogar y Empleado Federal invitaron a la candidata a la presidencia municipal de Morena, PT y Fuerza Por M\u00e9xico, Ariadna Ayala Camarillo, a una reuni\u00f3n para platicar sobre las propuestas que tiene. En la convivencia, Ariadna Ayala habl\u00f3 sobre las 48 propuestas que tiene para poder darle continuidad al trabajo que [&hellip;]<\/p>\n","protected":false},"author":4,"featured_media":45560,"comment_status":"open","ping_status":"open","sticky":false,"template":"","format":"standard","meta":{"om_disable_all_campaigns":false,"_monsterinsights_skip_tracking":false,"_monsterinsights_sitenote_active":false,"_monsterinsights_sitenote_note":"","_monsterinsights_sitenote_category":0,"footnotes":""},"categories":[175],"tags":[223],"class_list":["post-45559","post","type-post","status-publish","format-standard","has-post-thumbnail","hentry","category-local","tag-puebla"],"amp_enabled":true,"_links":{"self":[{"href":"https:\/\/lahora.mx\/index.php\/wp-json\/wp\/v2\/posts\/45559","targetHints":{"allow":["GET"]}}],"collection":[{"href":"https:\/\/lahora.mx\/index.php\/wp-json\/wp\/v2\/posts"}],"about":[{"href":"https:\/\/lahora.mx\/index.php\/wp-json\/wp\/v2\/types\/post"}],"author":[{"embeddable":true,"href":"https:\/\/lahora.mx\/index.php\/wp-json\/wp\/v2\/users\/4"}],"replies":[{"embeddable":true,"href":"https:\/\/lahora.mx\/index.php\/wp-json\/wp\/v2\/comments?post=45559"}],"version-history":[{"count":1,"href":"https:\/\/lahora.mx\/index.php\/wp-json\/wp\/v2\/posts\/45559\/revisions"}],"predecessor-version":[{"id":45561,"href":"https:\/\/lahora.mx\/index.php\/wp-json\/wp\/v2\/posts\/45559\/revisions\/45561"}],"wp:featuredmedia":[{"embeddable":true,"href":"https:\/\/lahora.mx\/index.php\/wp-json\/wp\/v2\/media\/45560"}],"wp:attachment":[{"href":"https:\/\/lahora.mx\/index.php\/wp-json\/wp\/v2\/media?parent=45559"}],"wp:term":[{"taxonomy":"category","embeddable":true,"href":"https:\/\/lahora.mx\/index.php\/wp-json\/wp\/v2\/categories?post=45559"},{"taxonomy":"post_tag","embeddable":true,"href":"https:\/\/lahora.mx\/index.php\/wp-json\/wp\/v2\/tags?post=45559"}],"curies":[{"name":"wp","href":"https:\/\/api.w.org\/{rel}","templated":true}]}}