{"id":45556,"date":"2024-05-04T02:30:30","date_gmt":"2024-05-04T02:30:30","guid":{"rendered":"http:\/\/lahora.mx\/?p=45556"},"modified":"2024-05-04T02:30:31","modified_gmt":"2024-05-04T02:30:31","slug":"desfile-5-de-mayo-este-sera-el-recorrido","status":"publish","type":"post","link":"https:\/\/lahora.mx\/index.php\/2024\/05\/04\/desfile-5-de-mayo-este-sera-el-recorrido\/","title":{"rendered":"Desfile 5 de mayo este ser\u00e1 el recorrido"},"content":{"rendered":"\n<p>Este domingo 5 de mayo se llevar\u00e1 a cabo el desfile c\u00edvico-militar conmemorativo al 162 Aniversario de la Batalla de Puebla; contar\u00e1 con la presencia del presidente de M\u00e9xico, Andr\u00e9s Manuel L\u00f3pez Obrador, y la participaci\u00f3n de 12 mil 500 estudiantes de secundaria, media superior y universidades.<\/p>\n\n\n\n<p>El desfile del 162 Aniversario de la Batalla de Puebla comenzar\u00e1 en el Mausoleo a Ignacio Zaragoza, continuar\u00e1 sobre el Bulevar 5 de Mayo y concluir\u00e1 en la 25 Oriente-Poniente. Por este desfile se cerrar\u00e1 la circulaci\u00f3n en la calzada Ignacio Zaragoza y el Bulevar 5 de mayo, de las 06:00 a las 17:00 horas.<\/p>\n\n\n\n<p>En este evento estar\u00e1 la Guardia Nacional, as\u00ed como 1 mil 469 integrantes de las tres fuerzas armadas (Ej\u00e9rcito Mexicano, Fuerza A\u00e9rea Mexicana y Armada de M\u00e9xico).<\/p>\n\n\n\n<p>Desfilar\u00e1n 56 veh\u00edculos militares, nueve aeronaves, as\u00ed como tambi\u00e9n habr\u00e1 participaci\u00f3n del personal de los binomios can\u00f3filos y del agrupamiento montado de 40 caballos.<\/p>\n\n\n\n<p>Desfile 5 de mayo: Conoce el recorrido y qui\u00e9nes participar\u00e1n<br>Habr\u00e1 contingentes de diez municipios como: Atlixco, Chignahuapan, Puebla Capital, San Andr\u00e9s y San Pedro Cholula, Tecamachalco, Tepeaca, Tehuac\u00e1n, Tepexi de Rodr\u00edguez y Teziutl\u00e1n.<\/p>\n\n\n\n<p>Adem\u00e1s desfilar\u00e1n diez carros aleg\u00f3ricos: cinco de ilustres poblanos y cinco m\u00e1s con promoci\u00f3n al turismo de los diversos municipios del estado.<\/p>\n\n\n\n<p>Podr\u00edan reunirse el gobernador y el presidente<br>El 1 de mayo, el gobernador de Puebla, Sergio Salom\u00f3n C\u00e9spedes Peregrina, inform\u00f3 previo al desfile C\u00edvico-Militar era posible sostener una reuni\u00f3n con el presidente, a fin de abordar temas de infraestructura ante el cierre de administraci\u00f3n.<\/p>\n\n\n\n<p>Asimismo el mandatario estatal le dio la bienvenida a L\u00f3pez Obrador, pues recalc\u00f3 que \u00abPuebla es su casa\u00bb.<\/p>\n\n\n\n<p>\u00abEstamos a la espera que nos digan si hay una reuni\u00f3n en privado antes, ser\u00eda un honor eso, pero lo recibimos aqu\u00ed con mucho gusto siempre al se\u00f1or presidente\u00bb, coment\u00f3 en entrevista el pasado mi\u00e9rcoles.<\/p>\n\n\n\n<p>Por su parte, presidente de M\u00e9xico, Andr\u00e9s Manuel L\u00f3pez Obrador, confirm\u00f3 su asistencia al desfile del 5 de mayo para conmemorar la Batalla de Puebla.<\/p>\n\n\n\n<p>Durante su tradicional ma\u00f1anera de este viernes 3 de mayo fue cuestionado sobre las actividades que tendr\u00eda para el fin de semana, en donde mencion\u00f3 que el pr\u00f3ximo domingo estar\u00e1 de visita en la capital poblana.<\/p>\n\n\n\n<p>\u00abVoy a participar en la conmemoraci\u00f3n de la Batalla de Puebla. El domingo en el desfile de Puebla del 5 de mayo. El triunfo de los soldados mexicanos que se cubrieron de gloria al detener las tropas francesas\u00bb, dijo.<\/p>\n\n\n\n<p>L\u00f3pez Obrador enfatiz\u00f3 que desde su llegada al gobierno, nunca han dejado de conmemorar un hecho hist\u00f3rico, ya que en ese pasado glorioso est\u00e1 el porvenir de nuestra patria.<\/p>\n\n\n\n<p>\u00abLos neoliberales corruptos quer\u00edan que se acabar\u00e1 con la historia, nosotros no, porque en eso nos inspiramos\u00bb, expres\u00f3.<\/p>\n","protected":false},"excerpt":{"rendered":"<p>Este domingo 5 de mayo se llevar\u00e1 a cabo el desfile c\u00edvico-militar conmemorativo al 162 Aniversario de la Batalla de Puebla; contar\u00e1 con la presencia del presidente de M\u00e9xico, Andr\u00e9s Manuel L\u00f3pez Obrador, y la participaci\u00f3n de 12 mil 500 estudiantes de secundaria, media superior y universidades. El desfile del 162 Aniversario de la Batalla [&hellip;]<\/p>\n","protected":false},"author":4,"featured_media":45557,"comment_status":"open","ping_status":"open","sticky":false,"template":"","format":"standard","meta":{"om_disable_all_campaigns":false,"_monsterinsights_skip_tracking":false,"_monsterinsights_sitenote_active":false,"_monsterinsights_sitenote_note":"","_monsterinsights_sitenote_category":0,"footnotes":""},"categories":[175],"tags":[195,223],"class_list":["post-45556","post","type-post","status-publish","format-standard","has-post-thumbnail","hentry","category-local","tag-principal","tag-puebla"],"amp_enabled":true,"_links":{"self":[{"href":"https:\/\/lahora.mx\/index.php\/wp-json\/wp\/v2\/posts\/45556","targetHints":{"allow":["GET"]}}],"collection":[{"href":"https:\/\/lahora.mx\/index.php\/wp-json\/wp\/v2\/posts"}],"about":[{"href":"https:\/\/lahora.mx\/index.php\/wp-json\/wp\/v2\/types\/post"}],"author":[{"embeddable":true,"href":"https:\/\/lahora.mx\/index.php\/wp-json\/wp\/v2\/users\/4"}],"replies":[{"embeddable":true,"href":"https:\/\/lahora.mx\/index.php\/wp-json\/wp\/v2\/comments?post=45556"}],"version-history":[{"count":1,"href":"https:\/\/lahora.mx\/index.php\/wp-json\/wp\/v2\/posts\/45556\/revisions"}],"predecessor-version":[{"id":45558,"href":"https:\/\/lahora.mx\/index.php\/wp-json\/wp\/v2\/posts\/45556\/revisions\/45558"}],"wp:featuredmedia":[{"embeddable":true,"href":"https:\/\/lahora.mx\/index.php\/wp-json\/wp\/v2\/media\/45557"}],"wp:attachment":[{"href":"https:\/\/lahora.mx\/index.php\/wp-json\/wp\/v2\/media?parent=45556"}],"wp:term":[{"taxonomy":"category","embeddable":true,"href":"https:\/\/lahora.mx\/index.php\/wp-json\/wp\/v2\/categories?post=45556"},{"taxonomy":"post_tag","embeddable":true,"href":"https:\/\/lahora.mx\/index.php\/wp-json\/wp\/v2\/tags?post=45556"}],"curies":[{"name":"wp","href":"https:\/\/api.w.org\/{rel}","templated":true}]}}