{"id":45553,"date":"2024-05-04T01:58:41","date_gmt":"2024-05-04T01:58:41","guid":{"rendered":"http:\/\/lahora.mx\/?p=45553"},"modified":"2024-05-04T01:58:42","modified_gmt":"2024-05-04T01:58:42","slug":"queman-en-redes-a-dos-acosadores-sexuales-en-menos-de-una-semana","status":"publish","type":"post","link":"https:\/\/lahora.mx\/index.php\/2024\/05\/04\/queman-en-redes-a-dos-acosadores-sexuales-en-menos-de-una-semana\/","title":{"rendered":"Queman en redes a dos acosadores sexuales en menos de una semana"},"content":{"rendered":"\n<p>Esta semana se conocieron los rostros de dos agresores sexuales en Puebla, quienes fueron identificados como parte de la comunidad universitaria de la BUAP y hoy ambos est\u00e1n separados de dicha instituci\u00f3n de manera definitiva.<\/p>\n\n\n\n<p>Ambos casos se dieron a conocer con unos cuantos d\u00edas de diferencia, el primero en calles de Huexotitla, en la ciudad de Puebla, y el otro durante la Feria de Puebla.<\/p>\n\n\n\n<p>Sujeto agrede sexualmente a joven en Huexotitla; es exalumno BUAP<br>El primer caso se viraliz\u00f3 este mi\u00e9rcoles 1 de mayo. A trav\u00e9s de un video se observa a un sujeto no mayor de 30 a\u00f1os tocar a una mujer en el gl\u00fateo sin el consentimiento de \u00e9sta.<\/p>\n\n\n\n<p>Fue en la colonia Huexotitla, y a plena luz del d\u00eda, cuando este hombre identificado como Pablo Antonio V, exalumno de la Facultad de Administraci\u00f3n de la Benem\u00e9rita Universidad Aut\u00f3noma de Puebla (BUAP).<\/p>\n\n\n\n<p>Seg\u00fan la informaci\u00f3n, este sujeto estudiaba la carrera de Administraci\u00f3n de Empresas y ya hab\u00eda sido dado de baja de la instituci\u00f3n por acosar a otra alumna de la misma licenciatura.<\/p>\n\n\n\n<p>El docente de la BUAP que acos\u00f3 mujeres en la Feria de Puebla<br>El segundo caso fue el de Miguel Escalera, un hombre de 40 a\u00f1os captado en c\u00e1mara grabando debajo de la falda de mujeres en la Feria de Puebla a trav\u00e9s de un dispositivo oculto en su calzado.<\/p>\n\n\n\n<p>Miguel Escalera era docente de la Facultad de Artes Pl\u00e1sticas y Audiovisuales de la BUAP hasta el mi\u00e9rcoles, cuando su rostro fue revelado como el de un acosador y fue separado de su cargo de inmediato.<\/p>\n\n\n\n<p>Este hombre ya es investigado por la Fiscal\u00eda General del Estado (FGE) y se est\u00e1n recibiendo denuncias de todas las mujeres que hayan sido acosadas por \u00e9l.<\/p>\n","protected":false},"excerpt":{"rendered":"<p>Esta semana se conocieron los rostros de dos agresores sexuales en Puebla, quienes fueron identificados como parte de la comunidad universitaria de la BUAP y hoy ambos est\u00e1n separados de dicha instituci\u00f3n de manera definitiva. Ambos casos se dieron a conocer con unos cuantos d\u00edas de diferencia, el primero en calles de Huexotitla, en la [&hellip;]<\/p>\n","protected":false},"author":4,"featured_media":45554,"comment_status":"open","ping_status":"open","sticky":false,"template":"","format":"standard","meta":{"om_disable_all_campaigns":false,"_monsterinsights_skip_tracking":false,"_monsterinsights_sitenote_active":false,"_monsterinsights_sitenote_note":"","_monsterinsights_sitenote_category":0,"footnotes":""},"categories":[175,226],"tags":[223],"class_list":["post-45553","post","type-post","status-publish","format-standard","has-post-thumbnail","hentry","category-local","category-policia","tag-puebla"],"amp_enabled":true,"_links":{"self":[{"href":"https:\/\/lahora.mx\/index.php\/wp-json\/wp\/v2\/posts\/45553","targetHints":{"allow":["GET"]}}],"collection":[{"href":"https:\/\/lahora.mx\/index.php\/wp-json\/wp\/v2\/posts"}],"about":[{"href":"https:\/\/lahora.mx\/index.php\/wp-json\/wp\/v2\/types\/post"}],"author":[{"embeddable":true,"href":"https:\/\/lahora.mx\/index.php\/wp-json\/wp\/v2\/users\/4"}],"replies":[{"embeddable":true,"href":"https:\/\/lahora.mx\/index.php\/wp-json\/wp\/v2\/comments?post=45553"}],"version-history":[{"count":1,"href":"https:\/\/lahora.mx\/index.php\/wp-json\/wp\/v2\/posts\/45553\/revisions"}],"predecessor-version":[{"id":45555,"href":"https:\/\/lahora.mx\/index.php\/wp-json\/wp\/v2\/posts\/45553\/revisions\/45555"}],"wp:featuredmedia":[{"embeddable":true,"href":"https:\/\/lahora.mx\/index.php\/wp-json\/wp\/v2\/media\/45554"}],"wp:attachment":[{"href":"https:\/\/lahora.mx\/index.php\/wp-json\/wp\/v2\/media?parent=45553"}],"wp:term":[{"taxonomy":"category","embeddable":true,"href":"https:\/\/lahora.mx\/index.php\/wp-json\/wp\/v2\/categories?post=45553"},{"taxonomy":"post_tag","embeddable":true,"href":"https:\/\/lahora.mx\/index.php\/wp-json\/wp\/v2\/tags?post=45553"}],"curies":[{"name":"wp","href":"https:\/\/api.w.org\/{rel}","templated":true}]}}