{"id":45547,"date":"2024-05-04T01:40:46","date_gmt":"2024-05-04T01:40:46","guid":{"rendered":"http:\/\/lahora.mx\/?p=45547"},"modified":"2024-05-04T01:40:47","modified_gmt":"2024-05-04T01:40:47","slug":"antonio-gali-visita-santa-cruz-buenavista","status":"publish","type":"post","link":"https:\/\/lahora.mx\/index.php\/2024\/05\/04\/antonio-gali-visita-santa-cruz-buenavista\/","title":{"rendered":"Antonio Gali  visita Santa Cruz Buenavista"},"content":{"rendered":"\n<p>Jos\u00e9 Antonio Gali L\u00f3pez, candidato a diputado federal por el Distrito 9 de Puebla de la coalici\u00f3n Sigamos Haciendo Historia, sostuvo un encuentro con vecinos de Santa Cruz Buenavista para abordar preocupaciones comunitarias.<\/p>\n\n\n\n<p>En un ambiente de di\u00e1logo constructivo, Gali L\u00f3pez y los vecinos discutieron diversas tem\u00e1ticas relacionadas con el bienestar de la comunidad. La reuni\u00f3n permiti\u00f3 establecer acuerdos y generar trabajo colaborativo en beneficio de todos los habitantes de la localidad.<\/p>\n\n\n\n<p>El candidato del PVEM agradeci\u00f3 la participaci\u00f3n de los vecinos y destac\u00f3 la importancia de estos encuentros para comprender las necesidades y prioridades de la comunidad.<\/p>\n","protected":false},"excerpt":{"rendered":"<p>Jos\u00e9 Antonio Gali L\u00f3pez, candidato a diputado federal por el Distrito 9 de Puebla de la coalici\u00f3n Sigamos Haciendo Historia, sostuvo un encuentro con vecinos de Santa Cruz Buenavista para abordar preocupaciones comunitarias. En un ambiente de di\u00e1logo constructivo, Gali L\u00f3pez y los vecinos discutieron diversas tem\u00e1ticas relacionadas con el bienestar de la comunidad. La [&hellip;]<\/p>\n","protected":false},"author":4,"featured_media":45548,"comment_status":"open","ping_status":"open","sticky":false,"template":"","format":"standard","meta":{"om_disable_all_campaigns":false,"_monsterinsights_skip_tracking":false,"_monsterinsights_sitenote_active":false,"_monsterinsights_sitenote_note":"","_monsterinsights_sitenote_category":0,"footnotes":""},"categories":[175],"tags":[223],"class_list":["post-45547","post","type-post","status-publish","format-standard","has-post-thumbnail","hentry","category-local","tag-puebla"],"amp_enabled":true,"_links":{"self":[{"href":"https:\/\/lahora.mx\/index.php\/wp-json\/wp\/v2\/posts\/45547","targetHints":{"allow":["GET"]}}],"collection":[{"href":"https:\/\/lahora.mx\/index.php\/wp-json\/wp\/v2\/posts"}],"about":[{"href":"https:\/\/lahora.mx\/index.php\/wp-json\/wp\/v2\/types\/post"}],"author":[{"embeddable":true,"href":"https:\/\/lahora.mx\/index.php\/wp-json\/wp\/v2\/users\/4"}],"replies":[{"embeddable":true,"href":"https:\/\/lahora.mx\/index.php\/wp-json\/wp\/v2\/comments?post=45547"}],"version-history":[{"count":1,"href":"https:\/\/lahora.mx\/index.php\/wp-json\/wp\/v2\/posts\/45547\/revisions"}],"predecessor-version":[{"id":45549,"href":"https:\/\/lahora.mx\/index.php\/wp-json\/wp\/v2\/posts\/45547\/revisions\/45549"}],"wp:featuredmedia":[{"embeddable":true,"href":"https:\/\/lahora.mx\/index.php\/wp-json\/wp\/v2\/media\/45548"}],"wp:attachment":[{"href":"https:\/\/lahora.mx\/index.php\/wp-json\/wp\/v2\/media?parent=45547"}],"wp:term":[{"taxonomy":"category","embeddable":true,"href":"https:\/\/lahora.mx\/index.php\/wp-json\/wp\/v2\/categories?post=45547"},{"taxonomy":"post_tag","embeddable":true,"href":"https:\/\/lahora.mx\/index.php\/wp-json\/wp\/v2\/tags?post=45547"}],"curies":[{"name":"wp","href":"https:\/\/api.w.org\/{rel}","templated":true}]}}