{"id":45544,"date":"2024-05-04T01:33:56","date_gmt":"2024-05-04T01:33:56","guid":{"rendered":"http:\/\/lahora.mx\/?p=45544"},"modified":"2024-05-04T01:33:57","modified_gmt":"2024-05-04T01:33:57","slug":"45-medios-poblanos-transmitiran-el-debate-a-la-gubernatura","status":"publish","type":"post","link":"https:\/\/lahora.mx\/index.php\/2024\/05\/04\/45-medios-poblanos-transmitiran-el-debate-a-la-gubernatura\/","title":{"rendered":"45 medios poblanos transmitir\u00e1n el debate a la gubernatura"},"content":{"rendered":"\n<p>El Consejo General del Instituto Electoral del Estado (IEE) aval\u00f3 el listado de 45 medios de comunicaci\u00f3n que transmitir\u00e1n el debate de los tres candidatos a la gubernatura de Puebla que se celebrar\u00e1 el 12 de mayo a las 18:00 horas.<\/p>\n\n\n\n<p>En la sesi\u00f3n ordinaria de este viernes se detall\u00f3 que el \u00e1rea de Comunicaci\u00f3n Social instituto electoral elabor\u00f3 el listado de los 45 canales donde se presentar\u00e1 el debate a la gubernatura; se incluyen medios que est\u00e1n en redes sociales, portales de internet, canales de televisi\u00f3n y radio.<\/p>\n\n\n\n<p>\u00abLa Coordinaci\u00f3n de Comunicaci\u00f3n Social elabor\u00f3 la propuesta, que contempla un total de 45 medios de comunicaci\u00f3n, cuyas formas de transmisi\u00f3n var\u00edan entre redes sociales, portales de internet, radiofrecuencia y canales de televisi\u00f3n\u00bb, se explic\u00f3 durante la sesi\u00f3n.<\/p>\n\n\n\n<p>Lo que se busca es que las propuestas de los tres candidatos lleguen a la mayor cantidad de gente, con el fin de que el 2 de junio arriben a las urnas conociendo la mayor parte de lo que se propone.<\/p>\n\n\n\n<p>\u00abBuscando con ello difundir el debate de los candidatos a la gubernatura de Puebla en diversos medios de comunicaci\u00f3n, haciendo llegar sus propuestas a todos los ciudadanos para que las conozcan y sepan al momento de emitir su voto el 2 de junio\u00bb, se detall\u00f3.<\/p>\n\n\n\n<p>En cuanto a los detalles del debate destaca que los aspirantes se ubicar\u00e1n en el auditorio principal del Complejo Cultural Universitario de la BUAP, por lo que el Instituto Electoral del Estado no gastar\u00e1 ni un peso en la sede.<\/p>\n\n\n\n<p>Los candidatos podr\u00e1n tener como invitados a 10 personas m\u00e1ximo, las cuales estar\u00e1n dentro del auditorio del CCU a fin de apoyar a sus abanderados.<\/p>\n\n\n\n<p>Adem\u00e1s, los candidatos de las dos alianzas y Movimiento Ciudadano estar\u00e1n de pie durante los 100 minutos que dure el debate electoral, su ubicaci\u00f3n se definir\u00e1 d\u00edas antes del 12 de mayo a trav\u00e9s de un sorteo que realizar\u00e1 el IEE.<\/p>\n\n\n\n<p>En el documento del IEE se muestra que los tres candidatos estar\u00e1n ubicados en p\u00f3diums que servir\u00e1n para que coloquen sus documentos, agua y materiales de apoyo, mismos que estar\u00e1n ubicados a un costado de los moderadores Juan Carlos Valerio y Patricia Estrada.<\/p>\n","protected":false},"excerpt":{"rendered":"<p>El Consejo General del Instituto Electoral del Estado (IEE) aval\u00f3 el listado de 45 medios de comunicaci\u00f3n que transmitir\u00e1n el debate de los tres candidatos a la gubernatura de Puebla que se celebrar\u00e1 el 12 de mayo a las 18:00 horas. En la sesi\u00f3n ordinaria de este viernes se detall\u00f3 que el \u00e1rea de Comunicaci\u00f3n [&hellip;]<\/p>\n","protected":false},"author":4,"featured_media":45545,"comment_status":"open","ping_status":"open","sticky":false,"template":"","format":"standard","meta":{"om_disable_all_campaigns":false,"_monsterinsights_skip_tracking":false,"_monsterinsights_sitenote_active":false,"_monsterinsights_sitenote_note":"","_monsterinsights_sitenote_category":0,"footnotes":""},"categories":[175],"tags":[223],"class_list":["post-45544","post","type-post","status-publish","format-standard","has-post-thumbnail","hentry","category-local","tag-puebla"],"amp_enabled":true,"_links":{"self":[{"href":"https:\/\/lahora.mx\/index.php\/wp-json\/wp\/v2\/posts\/45544","targetHints":{"allow":["GET"]}}],"collection":[{"href":"https:\/\/lahora.mx\/index.php\/wp-json\/wp\/v2\/posts"}],"about":[{"href":"https:\/\/lahora.mx\/index.php\/wp-json\/wp\/v2\/types\/post"}],"author":[{"embeddable":true,"href":"https:\/\/lahora.mx\/index.php\/wp-json\/wp\/v2\/users\/4"}],"replies":[{"embeddable":true,"href":"https:\/\/lahora.mx\/index.php\/wp-json\/wp\/v2\/comments?post=45544"}],"version-history":[{"count":1,"href":"https:\/\/lahora.mx\/index.php\/wp-json\/wp\/v2\/posts\/45544\/revisions"}],"predecessor-version":[{"id":45546,"href":"https:\/\/lahora.mx\/index.php\/wp-json\/wp\/v2\/posts\/45544\/revisions\/45546"}],"wp:featuredmedia":[{"embeddable":true,"href":"https:\/\/lahora.mx\/index.php\/wp-json\/wp\/v2\/media\/45545"}],"wp:attachment":[{"href":"https:\/\/lahora.mx\/index.php\/wp-json\/wp\/v2\/media?parent=45544"}],"wp:term":[{"taxonomy":"category","embeddable":true,"href":"https:\/\/lahora.mx\/index.php\/wp-json\/wp\/v2\/categories?post=45544"},{"taxonomy":"post_tag","embeddable":true,"href":"https:\/\/lahora.mx\/index.php\/wp-json\/wp\/v2\/tags?post=45544"}],"curies":[{"name":"wp","href":"https:\/\/api.w.org\/{rel}","templated":true}]}}