{"id":45538,"date":"2024-05-04T01:07:20","date_gmt":"2024-05-04T01:07:20","guid":{"rendered":"http:\/\/lahora.mx\/?p=45538"},"modified":"2024-05-04T01:07:21","modified_gmt":"2024-05-04T01:07:21","slug":"acusan-desfalco-por-mas-de-90-mil-pesos-en-secundaria-de-tehuacan","status":"publish","type":"post","link":"https:\/\/lahora.mx\/index.php\/2024\/05\/04\/acusan-desfalco-por-mas-de-90-mil-pesos-en-secundaria-de-tehuacan\/","title":{"rendered":"Acusan desfalco por m\u00e1s de 90 mil pesos en secundaria de Tehuac\u00e1n"},"content":{"rendered":"\n<p>Padres de familia de la escuela secundaria T\u00e9cnica 21 de Tehuac\u00e1n, reportaron un desfalco de poco m\u00e1s de 98 mil pesos, se\u00f1alaron como responsable a la tesorera del Comit\u00e9 de Padres de familia, Antonia Cruz Gonz\u00e1lez, quien se ha negado a entregar los libros de los gastos generados.<\/p>\n\n\n\n<p>Fue la noche del 2 de mayo, cuando los pap\u00e1s se reunieron en la instituci\u00f3n en donde la tesorera les entregar\u00eda cuentas; sin embargo, se neg\u00f3 a hacerlo lo que ocasion\u00f3 enojo entre los tutores, ella aleg\u00f3 que a\u00fan no estaba el corte del \u00faltimo mes y por eso no estaban claras las cuentas.<\/p>\n\n\n\n<p>Al lugar arrib\u00f3 una unidad de Seguridad P\u00fablica, quienes fueron solicitados para resguardar el sitio por si lo \u00e1nimos sub\u00edan de tono, pero no fue necesaria su intervenci\u00f3n, pues todo termin\u00f3 en calma cuando al final se entregaron los libros de registros.<\/p>\n\n\n\n<p>Ricardo L\u00f3pez, presidente del anterior comit\u00e9 de padres de familia de esa instituci\u00f3n, dio a conocer que se sabe que la actual tesorera se gast\u00f3 el dinero en cosas personales, como en el funeral de uno de sus familiares, en donde aparentemente pag\u00f3 por un mariachi.<\/p>\n\n\n\n<p>El expresidente coment\u00f3 que han revisado los libros que la tesorera entreg\u00f3, y aunque s\u00ed hay gastos, no hay cantidades de lo que se pudo haber gastado por cada art\u00edculo o dem\u00e1s cuentas que se tuvieron que pagar.<\/p>\n\n\n\n<p>Asever\u00f3 que las denuncias ya fueron interpuestas y dar\u00e1n un seguimiento puntual, ya que todos los pap\u00e1s exigen cuentas claras.<\/p>\n","protected":false},"excerpt":{"rendered":"<p>Padres de familia de la escuela secundaria T\u00e9cnica 21 de Tehuac\u00e1n, reportaron un desfalco de poco m\u00e1s de 98 mil pesos, se\u00f1alaron como responsable a la tesorera del Comit\u00e9 de Padres de familia, Antonia Cruz Gonz\u00e1lez, quien se ha negado a entregar los libros de los gastos generados. Fue la noche del 2 de mayo, [&hellip;]<\/p>\n","protected":false},"author":4,"featured_media":45539,"comment_status":"open","ping_status":"open","sticky":false,"template":"","format":"standard","meta":{"om_disable_all_campaigns":false,"_monsterinsights_skip_tracking":false,"_monsterinsights_sitenote_active":false,"_monsterinsights_sitenote_note":"","_monsterinsights_sitenote_category":0,"footnotes":""},"categories":[175,226],"tags":[223],"class_list":["post-45538","post","type-post","status-publish","format-standard","has-post-thumbnail","hentry","category-local","category-policia","tag-puebla"],"amp_enabled":true,"_links":{"self":[{"href":"https:\/\/lahora.mx\/index.php\/wp-json\/wp\/v2\/posts\/45538","targetHints":{"allow":["GET"]}}],"collection":[{"href":"https:\/\/lahora.mx\/index.php\/wp-json\/wp\/v2\/posts"}],"about":[{"href":"https:\/\/lahora.mx\/index.php\/wp-json\/wp\/v2\/types\/post"}],"author":[{"embeddable":true,"href":"https:\/\/lahora.mx\/index.php\/wp-json\/wp\/v2\/users\/4"}],"replies":[{"embeddable":true,"href":"https:\/\/lahora.mx\/index.php\/wp-json\/wp\/v2\/comments?post=45538"}],"version-history":[{"count":1,"href":"https:\/\/lahora.mx\/index.php\/wp-json\/wp\/v2\/posts\/45538\/revisions"}],"predecessor-version":[{"id":45540,"href":"https:\/\/lahora.mx\/index.php\/wp-json\/wp\/v2\/posts\/45538\/revisions\/45540"}],"wp:featuredmedia":[{"embeddable":true,"href":"https:\/\/lahora.mx\/index.php\/wp-json\/wp\/v2\/media\/45539"}],"wp:attachment":[{"href":"https:\/\/lahora.mx\/index.php\/wp-json\/wp\/v2\/media?parent=45538"}],"wp:term":[{"taxonomy":"category","embeddable":true,"href":"https:\/\/lahora.mx\/index.php\/wp-json\/wp\/v2\/categories?post=45538"},{"taxonomy":"post_tag","embeddable":true,"href":"https:\/\/lahora.mx\/index.php\/wp-json\/wp\/v2\/tags?post=45538"}],"curies":[{"name":"wp","href":"https:\/\/api.w.org\/{rel}","templated":true}]}}