{"id":45533,"date":"2024-05-03T17:48:14","date_gmt":"2024-05-03T17:48:14","guid":{"rendered":"http:\/\/lahora.mx\/?p=45533"},"modified":"2024-05-03T17:48:15","modified_gmt":"2024-05-03T17:48:15","slug":"amlo-reitera-visita-para-conmemorar-la-batalla-de-puebla","status":"publish","type":"post","link":"https:\/\/lahora.mx\/index.php\/2024\/05\/03\/amlo-reitera-visita-para-conmemorar-la-batalla-de-puebla\/","title":{"rendered":"AMLO reitera visita para conmemorar la Batalla de Puebla"},"content":{"rendered":"\n<p>El presidente de M\u00e9xico, Andr\u00e9s Manuel L\u00f3pez Obrador, confirm\u00f3 su asistencia al Desfile del 5 De Mayo para conmemorar la Batalla de Puebla.<\/p>\n\n\n\n<p>Durante su tradicional ma\u00f1anera de este viernes 3 de mayo fue cuestionado sobre las actividades que tendr\u00eda para el fin de semana, en donde mencion\u00f3 que el pr\u00f3ximo dormingo estar\u00eda de visita en la capital poblana.<\/p>\n\n\n\n<p>\u00abVoy a participar en la conmemoraci\u00f3n de la Batalla de Puebla. El domingo en el Desfile de Puebla 5 de Mayo. El triunfo de los soldados mexicanos que se cubrieron de gloria al detener las tropas francesas\u00bb, dijo.<\/p>\n\n\n\n<p>L\u00f3pez Obrador enfatiz\u00f3 que desde su llegada al Gobierno, nunca ha dejado de conmemorar un hecho hist\u00f3rico, ya que en ese pasado gloriosos est\u00e1 \u00abel porvenir de nuestra patria\u00bb.<\/p>\n\n\n\n<p>\u00abLos neoliberales corruptos quer\u00edan que se acabara con la historia, nosotros no, porque en eso nos inspiramos\u00bb, expres\u00f3.<\/p>\n\n\n\n<p>El 1 de mayo, el gobernador Sergio Salom\u00f3n C\u00e9spedes Peregrina inform\u00f3 previo al desfile c\u00edvico-militar era posible sostener una reuni\u00f3n con el Presidente, a fin de abordar temas de infraestructura ante el cierre de administraci\u00f3n.<\/p>\n\n\n\n<p>Asimismo, el mandatario estatal le dio la bienvenida a L\u00f3pez Obrador, pues recalc\u00f3 que \u00abPuebla es su casa\u00bb.<\/p>\n\n\n\n<p>\u00abEstamos a la espera que nos digan si hay una reuni\u00f3n en privado antes, ser\u00eda un honor eso, pero lo recibimos aqu\u00ed con mucho siempre al se\u00f1or Presidente\u00bb, coment\u00f3 en entrevista el pasado mi\u00e9rcoles.<\/p>\n\n\n\n<p>Participar\u00e1n 12 mil estudiantes en el desfile<br>Para el desfile conmemorativo a la Batalla de 5 de Mayo, se contar\u00e1 con la participaci\u00f3n de 12 mil 500 estudiantes de secundaria, media superior y universidades.<\/p>\n\n\n\n<p>Adem\u00e1s, por primera vez la rectora de la Benem\u00e9rita Universidad Aut\u00f3noma de Puebla (BUAP), Lilia Cedillo Ram\u00edrez y 400 integrantes de la m\u00e1xima casa de estudios del estado desfilar\u00e1n.<\/p>\n\n\n\n<p>El desfile del 162 aniversario de la Batalla de Puebla comenzar\u00e1 en el Mausoleo a Ignacio Zaragoza para continuar sobre el bulevar 5 de Mayo y concluir en la 25 Oriente- Poniente.<\/p>\n\n\n\n<p>Habr\u00e1 contingentes de 10municipios como : Atlixco, Chignahuapan, Puebla Capital, San Andr\u00e9s y San Pedro Cholula, Tecamachalco, Tepeaca, Tehuac\u00e1n, Tepexi de Rodriguez y Teziutl\u00e1n.<\/p>\n\n\n\n<p>Adem\u00e1s de que se contar\u00e1 con cinco carros aleg\u00f3ricos de ilustres poblanos y cinco m\u00e1s con promoci\u00f3n al turismo del estado.<\/p>\n\n\n\n<p>Tambi\u00e9n estar\u00e1 la Guardia Nacional (GN), as\u00ed como mil 469 integrantes de las tres Fuerzas Armadas (Ej\u00e9rcito Mexicano, Fuerza A\u00e9rea Mexicana y Armada de M\u00e9xico)<\/p>\n\n\n\n<p>Adem\u00e1s de que habr\u00e1 56 veh\u00edculos, nueve aeronaves, estar\u00e1 personal de los binomios can\u00f3filos y la participaci\u00f3n de un agrupamiento montado de 40 caballos.<\/p>\n","protected":false},"excerpt":{"rendered":"<p>El presidente de M\u00e9xico, Andr\u00e9s Manuel L\u00f3pez Obrador, confirm\u00f3 su asistencia al Desfile del 5 De Mayo para conmemorar la Batalla de Puebla. Durante su tradicional ma\u00f1anera de este viernes 3 de mayo fue cuestionado sobre las actividades que tendr\u00eda para el fin de semana, en donde mencion\u00f3 que el pr\u00f3ximo dormingo estar\u00eda de visita [&hellip;]<\/p>\n","protected":false},"author":4,"featured_media":45534,"comment_status":"open","ping_status":"open","sticky":false,"template":"","format":"standard","meta":{"om_disable_all_campaigns":false,"_monsterinsights_skip_tracking":false,"_monsterinsights_sitenote_active":false,"_monsterinsights_sitenote_note":"","_monsterinsights_sitenote_category":0,"footnotes":""},"categories":[175],"tags":[195,223],"class_list":["post-45533","post","type-post","status-publish","format-standard","has-post-thumbnail","hentry","category-local","tag-principal","tag-puebla"],"amp_enabled":true,"_links":{"self":[{"href":"https:\/\/lahora.mx\/index.php\/wp-json\/wp\/v2\/posts\/45533","targetHints":{"allow":["GET"]}}],"collection":[{"href":"https:\/\/lahora.mx\/index.php\/wp-json\/wp\/v2\/posts"}],"about":[{"href":"https:\/\/lahora.mx\/index.php\/wp-json\/wp\/v2\/types\/post"}],"author":[{"embeddable":true,"href":"https:\/\/lahora.mx\/index.php\/wp-json\/wp\/v2\/users\/4"}],"replies":[{"embeddable":true,"href":"https:\/\/lahora.mx\/index.php\/wp-json\/wp\/v2\/comments?post=45533"}],"version-history":[{"count":1,"href":"https:\/\/lahora.mx\/index.php\/wp-json\/wp\/v2\/posts\/45533\/revisions"}],"predecessor-version":[{"id":45535,"href":"https:\/\/lahora.mx\/index.php\/wp-json\/wp\/v2\/posts\/45533\/revisions\/45535"}],"wp:featuredmedia":[{"embeddable":true,"href":"https:\/\/lahora.mx\/index.php\/wp-json\/wp\/v2\/media\/45534"}],"wp:attachment":[{"href":"https:\/\/lahora.mx\/index.php\/wp-json\/wp\/v2\/media?parent=45533"}],"wp:term":[{"taxonomy":"category","embeddable":true,"href":"https:\/\/lahora.mx\/index.php\/wp-json\/wp\/v2\/categories?post=45533"},{"taxonomy":"post_tag","embeddable":true,"href":"https:\/\/lahora.mx\/index.php\/wp-json\/wp\/v2\/tags?post=45533"}],"curies":[{"name":"wp","href":"https:\/\/api.w.org\/{rel}","templated":true}]}}