{"id":45530,"date":"2024-05-03T17:17:08","date_gmt":"2024-05-03T17:17:08","guid":{"rendered":"http:\/\/lahora.mx\/?p=45530"},"modified":"2024-05-03T17:17:09","modified_gmt":"2024-05-03T17:17:09","slug":"puebla-en-el-top-5-nacional-de-denuncias-por-violacion-a-ley-de-migracion","status":"publish","type":"post","link":"https:\/\/lahora.mx\/index.php\/2024\/05\/03\/puebla-en-el-top-5-nacional-de-denuncias-por-violacion-a-ley-de-migracion\/","title":{"rendered":"Puebla, en el top 5 nacional de denuncias por violaci\u00f3n a Ley de Migraci\u00f3n"},"content":{"rendered":"\n<p>Con un acumulado de 28 denuncias durante el primer trimestre del a\u00f1o, Puebla se encuentra entre las cinco entidades con el mayor n\u00famero de casos de violaci\u00f3n a la Ley de Migraci\u00f3n, delito de \u00edndole federal.<\/p>\n\n\n\n<p>De acuerdo con el \u00faltimo desglose de informaci\u00f3n disponible en el Secretariado Ejecutivo del Sistema Nacional de Seguridad P\u00fablica (SESNSP), se revel\u00f3 que a escala nacional se realizaron 246 denuncias por la violaci\u00f3n a la ley referida en los tres primeros meses de 2024.<\/p>\n\n\n\n<p>Conforme a lo establecido en el Diario Oficial de la Federaci\u00f3n (DOF), la Ley de Migraci\u00f3n, publicada el 25 de mayo de 2011, est\u00e1 dirigida a regular el ingreso y salida de personas extranjeras y mexicanas y el tr\u00e1nsito y estancia de personas extranjeras en el pa\u00eds.<\/p>\n\n\n\n<p>Parte de esta ley castiga a las personas que cometen el tr\u00e1fico de personas migrantes, conocidos com\u00fanmente como \u201cpolleros\u201d.<\/p>\n\n\n\n<p>Por la comisi\u00f3n de este delito, Puebla acumul\u00f3 28 denuncias, por ello la entidad qued\u00f3 en cuarto lugar a escala nacional de estados con mayor n\u00famero de casos violaci\u00f3n a la Ley de Migraci\u00f3n.<\/p>\n\n\n\n<p>Una carpeta de investigaci\u00f3n separa a Puebla del tercer lugar, 10 del segundo y 11 del primer lugar.<\/p>\n\n\n\n<p>En todo el pa\u00eds s\u00f3lo cinco estados rebasan las 20 denuncias por violaci\u00f3n a la Ley de Migraci\u00f3n: el primer lugar, Veracruz, acumul\u00f3 39 denuncias; el segundo, Oaxaca, lleg\u00f3 a 38.<\/p>\n\n\n\n<p>De ah\u00ed la cifra desciende a 29 casos, que registr\u00f3 Baja California; posteriormente sigue Puebla, con 28 denuncias; en quinto lugar se encuentra Chiapas con 20 casos por el delito.<\/p>\n","protected":false},"excerpt":{"rendered":"<p>Con un acumulado de 28 denuncias durante el primer trimestre del a\u00f1o, Puebla se encuentra entre las cinco entidades con el mayor n\u00famero de casos de violaci\u00f3n a la Ley de Migraci\u00f3n, delito de \u00edndole federal. De acuerdo con el \u00faltimo desglose de informaci\u00f3n disponible en el Secretariado Ejecutivo del Sistema Nacional de Seguridad P\u00fablica [&hellip;]<\/p>\n","protected":false},"author":4,"featured_media":45531,"comment_status":"open","ping_status":"open","sticky":false,"template":"","format":"standard","meta":{"om_disable_all_campaigns":false,"_monsterinsights_skip_tracking":false,"_monsterinsights_sitenote_active":false,"_monsterinsights_sitenote_note":"","_monsterinsights_sitenote_category":0,"footnotes":""},"categories":[175],"tags":[223],"class_list":["post-45530","post","type-post","status-publish","format-standard","has-post-thumbnail","hentry","category-local","tag-puebla"],"amp_enabled":true,"_links":{"self":[{"href":"https:\/\/lahora.mx\/index.php\/wp-json\/wp\/v2\/posts\/45530","targetHints":{"allow":["GET"]}}],"collection":[{"href":"https:\/\/lahora.mx\/index.php\/wp-json\/wp\/v2\/posts"}],"about":[{"href":"https:\/\/lahora.mx\/index.php\/wp-json\/wp\/v2\/types\/post"}],"author":[{"embeddable":true,"href":"https:\/\/lahora.mx\/index.php\/wp-json\/wp\/v2\/users\/4"}],"replies":[{"embeddable":true,"href":"https:\/\/lahora.mx\/index.php\/wp-json\/wp\/v2\/comments?post=45530"}],"version-history":[{"count":1,"href":"https:\/\/lahora.mx\/index.php\/wp-json\/wp\/v2\/posts\/45530\/revisions"}],"predecessor-version":[{"id":45532,"href":"https:\/\/lahora.mx\/index.php\/wp-json\/wp\/v2\/posts\/45530\/revisions\/45532"}],"wp:featuredmedia":[{"embeddable":true,"href":"https:\/\/lahora.mx\/index.php\/wp-json\/wp\/v2\/media\/45531"}],"wp:attachment":[{"href":"https:\/\/lahora.mx\/index.php\/wp-json\/wp\/v2\/media?parent=45530"}],"wp:term":[{"taxonomy":"category","embeddable":true,"href":"https:\/\/lahora.mx\/index.php\/wp-json\/wp\/v2\/categories?post=45530"},{"taxonomy":"post_tag","embeddable":true,"href":"https:\/\/lahora.mx\/index.php\/wp-json\/wp\/v2\/tags?post=45530"}],"curies":[{"name":"wp","href":"https:\/\/api.w.org\/{rel}","templated":true}]}}