{"id":45527,"date":"2024-05-03T17:08:17","date_gmt":"2024-05-03T17:08:17","guid":{"rendered":"http:\/\/lahora.mx\/?p=45527"},"modified":"2024-05-03T17:08:18","modified_gmt":"2024-05-03T17:08:18","slug":"choque-en-el-barrio-de-santiago-ruta-m2-impacta-a-una-van","status":"publish","type":"post","link":"https:\/\/lahora.mx\/index.php\/2024\/05\/03\/choque-en-el-barrio-de-santiago-ruta-m2-impacta-a-una-van\/","title":{"rendered":"Choque en el barrio de Santiago; ruta M2 impacta a una Van"},"content":{"rendered":"\n<p>La ma\u00f1ana de este viernes 3 de mayo en la 9 Sur y la 15 Poniente, una camioneta tipo Van sufri\u00f3 una volcadura luego de ser impactada por una unidad de transporte p\u00fablico de la Ruta M2, dejando como saldo dos personas lesionadas, entre ellas un menor de edad.<\/p>\n\n\n\n<p>Este accidente ocurri\u00f3 alrededor de las 07:30 horas en dicha vialidad ubicada en el barrio de Santiago, cuando los vecinos de la zona reportaron a emergencias el choque y volcadura de dos veh\u00edculos.<\/p>\n\n\n\n<p>Al sitio arribaron elementos de Tr\u00e1nsito de la Polic\u00eda Municipal de Puebla, as\u00ed como param\u00e9dicos de SUMA por el choque entre una camioneta tipo Van y una ruta M2.<\/p>\n\n\n\n<p>Adem\u00e1s, la unidad de transporte p\u00fablico termin\u00f3 impact\u00e1ndose contra el sem\u00e1foro del cruce de la vialidad, en el sitio los param\u00e9dicos atendieron a dos personas lesionadas, quienes fueron un menor de edad y un adulto mayor, los cuales viajaban a bordo del veh\u00edculo particular.<\/p>\n\n\n\n<p>Los heridos fueron trasladados a un hospital donde su estado de salud se reporta estable; en tanto, personal de servicios periciales realiza las diligencias correspondientes en la zona, ya que ambos conductores manifestaron contar con la luz verde.<\/p>\n\n\n\n<p>Cabe destacar que tambi\u00e9n esta ma\u00f1ana reportaron en redes sociales que, un autom\u00f3vil Dodge Challenger termin\u00f3 montado sobre la guarnici\u00f3n del RUTA en el bulevar Atlixco y la 25 Poniente, justo frente al edificio de Telmex, de este hecho no hubo personas lesionadas.<\/p>\n","protected":false},"excerpt":{"rendered":"<p>La ma\u00f1ana de este viernes 3 de mayo en la 9 Sur y la 15 Poniente, una camioneta tipo Van sufri\u00f3 una volcadura luego de ser impactada por una unidad de transporte p\u00fablico de la Ruta M2, dejando como saldo dos personas lesionadas, entre ellas un menor de edad. Este accidente ocurri\u00f3 alrededor de las [&hellip;]<\/p>\n","protected":false},"author":4,"featured_media":45528,"comment_status":"open","ping_status":"open","sticky":false,"template":"","format":"standard","meta":{"om_disable_all_campaigns":false,"_monsterinsights_skip_tracking":false,"_monsterinsights_sitenote_active":false,"_monsterinsights_sitenote_note":"","_monsterinsights_sitenote_category":0,"footnotes":""},"categories":[175,226],"tags":[223],"class_list":["post-45527","post","type-post","status-publish","format-standard","has-post-thumbnail","hentry","category-local","category-policia","tag-puebla"],"amp_enabled":true,"_links":{"self":[{"href":"https:\/\/lahora.mx\/index.php\/wp-json\/wp\/v2\/posts\/45527","targetHints":{"allow":["GET"]}}],"collection":[{"href":"https:\/\/lahora.mx\/index.php\/wp-json\/wp\/v2\/posts"}],"about":[{"href":"https:\/\/lahora.mx\/index.php\/wp-json\/wp\/v2\/types\/post"}],"author":[{"embeddable":true,"href":"https:\/\/lahora.mx\/index.php\/wp-json\/wp\/v2\/users\/4"}],"replies":[{"embeddable":true,"href":"https:\/\/lahora.mx\/index.php\/wp-json\/wp\/v2\/comments?post=45527"}],"version-history":[{"count":1,"href":"https:\/\/lahora.mx\/index.php\/wp-json\/wp\/v2\/posts\/45527\/revisions"}],"predecessor-version":[{"id":45529,"href":"https:\/\/lahora.mx\/index.php\/wp-json\/wp\/v2\/posts\/45527\/revisions\/45529"}],"wp:featuredmedia":[{"embeddable":true,"href":"https:\/\/lahora.mx\/index.php\/wp-json\/wp\/v2\/media\/45528"}],"wp:attachment":[{"href":"https:\/\/lahora.mx\/index.php\/wp-json\/wp\/v2\/media?parent=45527"}],"wp:term":[{"taxonomy":"category","embeddable":true,"href":"https:\/\/lahora.mx\/index.php\/wp-json\/wp\/v2\/categories?post=45527"},{"taxonomy":"post_tag","embeddable":true,"href":"https:\/\/lahora.mx\/index.php\/wp-json\/wp\/v2\/tags?post=45527"}],"curies":[{"name":"wp","href":"https:\/\/api.w.org\/{rel}","templated":true}]}}