{"id":45508,"date":"2024-05-03T02:44:08","date_gmt":"2024-05-03T02:44:08","guid":{"rendered":"http:\/\/lahora.mx\/?p=45508"},"modified":"2024-05-03T02:44:09","modified_gmt":"2024-05-03T02:44:09","slug":"dia-mundial-de-la-libertad-de-prensa","status":"publish","type":"post","link":"https:\/\/lahora.mx\/index.php\/2024\/05\/03\/dia-mundial-de-la-libertad-de-prensa\/","title":{"rendered":"D\u00eda Mundial de la Libertad de Prensa"},"content":{"rendered":"\n<p>Como cada a\u00f1o, el 3 de mayo se conmemora el D\u00eda Mundial de la Libertad de Prensa, una fecha proclamada en 1993 por la Asamblea General de la Naciones Unidas bajo las recomendaciones de la Conferencia General de la Organizaci\u00f3n de las Naciones Unidas para la Educaci\u00f3n, la Ciencia y la Cultura (UNESCO).<\/p>\n\n\n\n<p>La fecha fue elegida para que coincidiera con el aniversario de la Declaraci\u00f3n de Windhok, documento en el que se enmarcan los principios de la libertad de prensa, establecidos gracias a las acciones de los representantes de los medios de comunicaci\u00f3n africanos que participaron en un seminario de la UNESCO en la capital del pa\u00eds africano Namibia.<\/p>\n\n\n\n<p>Este a\u00f1o, el D\u00eda Mundial de la Libertad de Prensa busca resaltar la importancia del periodismo y la libertad de expresi\u00f3n dentro del contexto que se vive en la actualidad con respecto a la crisis medioambiental en todo el mundo, por lo que se conmemorar\u00e1 bajo el lema \u201cPrensa para el planeta: El periodismo ante la crisis ambiental\u201d.<\/p>\n\n\n\n<p>A trav\u00e9s de su portal, la Organizaci\u00f3n de las Naciones Unidas (ONU) se\u00f1ala que se busca concientizar sobre los aspectos de las diversas crisis medioambientales y sus efectos, por lo que resalta que la labor period\u00edstica es fundamental para hacer frente a esta crisis.<\/p>\n\n\n\n<p>De este modo, resalta que los periodistas se enfrentan a grandes retos al momento de buscar y difundir informaci\u00f3n sobre temas de actualidad como pueden ser los problemas de las cadenas de suministro, las industrias de extracci\u00f3n, la migraci\u00f3n clim\u00e1tica, la contaminaci\u00f3n, el tr\u00e1fico de animales, la caza furtiva, la deforestaci\u00f3n y el cambio clim\u00e1tico; por lo que reconoce la importancia de visibilizar estas cuestiones para promover la paz y los valores.<\/p>\n\n\n\n<p>En este contexto, la organizaci\u00f3n hace hincapi\u00e9 en la desinformaci\u00f3n y la informaci\u00f3n err\u00f3nea que existe sobre asuntos relacionados con el medio ambiente, lo que puede generar desinter\u00e9s en el p\u00fablico y autoridades para tomar acciones y pol\u00edticas de protecci\u00f3n de las comunidades afectadas por el cambio clim\u00e1tico.<\/p>\n\n\n\n<p>Es aqu\u00ed donde la labor de los periodistas juega un papel importante dentro del desarrollo sostenible, pues se busca que briden informaci\u00f3n precisa, oportuna y exhaustiva sobre los problemas medioambientales y sus consecuencias; para logarlo se busca implementar algunas estrategias a nivel mundial, tales como:<\/p>\n\n\n\n<p>Promover la pluralidad, diversidad y viabilidad de los medios de comunicaci\u00f3n, principalmente los regionales, locales, ind\u00edgenas y comunitarios.<br>Prevenir, proteger y perseguir los delitos cometidos contra periodistas.<br>Garantizar los derechos de libertad de expresi\u00f3n, la libertad de investigaci\u00f3n cient\u00edfica y el acceso a fuentes clave de informaci\u00f3n.<br>Asegurar de las plataformas digitales conducen a la transparencia de las empresas de tecnolog\u00eda, rendici\u00f3n de cuenta, empoderamiento de los usuarios y la moderaci\u00f3n de contenidos en funci\u00f3n de los est\u00e1ndares internacionales de derechos humanos.<br>As\u00ed pues, el D\u00eda Mundial de la Libertad de Prensa busca tambi\u00e9n celebrar los principios fundamentales de la libertad de prensa, evaluar las situaciones de esta misma en todo el mundo, defender los medios de comunicaci\u00f3n de atentado contra su independencia y rendir homenaje a los periodistas que han perdido la vida cumpliendo su deber.<\/p>\n","protected":false},"excerpt":{"rendered":"<p>Como cada a\u00f1o, el 3 de mayo se conmemora el D\u00eda Mundial de la Libertad de Prensa, una fecha proclamada en 1993 por la Asamblea General de la Naciones Unidas bajo las recomendaciones de la Conferencia General de la Organizaci\u00f3n de las Naciones Unidas para la Educaci\u00f3n, la Ciencia y la Cultura (UNESCO). La fecha [&hellip;]<\/p>\n","protected":false},"author":4,"featured_media":45509,"comment_status":"open","ping_status":"open","sticky":false,"template":"","format":"standard","meta":{"om_disable_all_campaigns":false,"_monsterinsights_skip_tracking":false,"_monsterinsights_sitenote_active":false,"_monsterinsights_sitenote_note":"","_monsterinsights_sitenote_category":0,"footnotes":""},"categories":[3,183],"tags":[],"class_list":["post-45508","post","type-post","status-publish","format-standard","has-post-thumbnail","hentry","category-entretenimiento","category-internacional"],"amp_enabled":true,"_links":{"self":[{"href":"https:\/\/lahora.mx\/index.php\/wp-json\/wp\/v2\/posts\/45508","targetHints":{"allow":["GET"]}}],"collection":[{"href":"https:\/\/lahora.mx\/index.php\/wp-json\/wp\/v2\/posts"}],"about":[{"href":"https:\/\/lahora.mx\/index.php\/wp-json\/wp\/v2\/types\/post"}],"author":[{"embeddable":true,"href":"https:\/\/lahora.mx\/index.php\/wp-json\/wp\/v2\/users\/4"}],"replies":[{"embeddable":true,"href":"https:\/\/lahora.mx\/index.php\/wp-json\/wp\/v2\/comments?post=45508"}],"version-history":[{"count":1,"href":"https:\/\/lahora.mx\/index.php\/wp-json\/wp\/v2\/posts\/45508\/revisions"}],"predecessor-version":[{"id":45510,"href":"https:\/\/lahora.mx\/index.php\/wp-json\/wp\/v2\/posts\/45508\/revisions\/45510"}],"wp:featuredmedia":[{"embeddable":true,"href":"https:\/\/lahora.mx\/index.php\/wp-json\/wp\/v2\/media\/45509"}],"wp:attachment":[{"href":"https:\/\/lahora.mx\/index.php\/wp-json\/wp\/v2\/media?parent=45508"}],"wp:term":[{"taxonomy":"category","embeddable":true,"href":"https:\/\/lahora.mx\/index.php\/wp-json\/wp\/v2\/categories?post=45508"},{"taxonomy":"post_tag","embeddable":true,"href":"https:\/\/lahora.mx\/index.php\/wp-json\/wp\/v2\/tags?post=45508"}],"curies":[{"name":"wp","href":"https:\/\/api.w.org\/{rel}","templated":true}]}}