{"id":455,"date":"2021-12-06T00:36:02","date_gmt":"2021-12-06T00:36:02","guid":{"rendered":"http:\/\/lahora.mx\/?p=455"},"modified":"2021-12-06T00:36:02","modified_gmt":"2021-12-06T00:36:02","slug":"reconoce-consorcio-universitario-a-anaya-berrios-como-rectora-de-la-udlap","status":"publish","type":"post","link":"https:\/\/lahora.mx\/index.php\/2021\/12\/06\/reconoce-consorcio-universitario-a-anaya-berrios-como-rectora-de-la-udlap\/","title":{"rendered":"Reconoce consorcio universitario a Anaya Berrios como rectora de la Udlap"},"content":{"rendered":"<p>Cabe recordar que el nuevo patronato de la Udlap nombr\u00f3 el 12 de julio a Armando R\u00edos Piter como rector<!--more--><\/p>\n<p>El Consorcio Universitario de Puebla reconoci\u00f3 a Cecilia Anaya Berrios, como rectora de la Universidad de las Am\u00e9ricas Puebla (Udlap) nombrada por la Fundaci\u00f3n que encabeza Margarita Jenkins de Landa, desconociendo una vez m\u00e1s a Armando R\u00edos Piter, rector designado por el nuevo patronato que cuenta con el aval de la Junta para el Cuidado de las Instituciones de Asistencia Privada del Estado de Puebla (JCIAP)<\/p>\n<p>Durante una reuni\u00f3n del consorcio se dio la bienvenida a Anaya Berr\u00edos, qui\u00e9n dio a conocer que la Udlap sigue operando e impartiendo clases pese al actual conflicto legal<\/p>\n<p>Durante el encuentro estuvieron presentes los rectores de la Universidad Iberoamericana Puebla, Mario Ernesto Patr\u00f3n; de la Universidad Popular Aut\u00f3noma del Estado de Puebla (Upaep), Emilio Jos\u00e9 Ba\u00f1os Ardav\u00edn; de la Universidad An\u00e1huac Puebla, Jos\u00e9 Mata; y de la Universidad Madero (Umad), Job C\u00e9sar Romero Reyes.<\/p>\n<p>Cabe recordar que el nuevo patronato de la Udlap nombr\u00f3 el 12 de julio a Armando R\u00edos Piter como rector; sin embargo, la Fundaci\u00f3n Mary Street Jenkins, principal donataria de la instituci\u00f3n, desconoci\u00f3 el nombramiento.<\/p>\n","protected":false},"excerpt":{"rendered":"<p>Cabe recordar que el nuevo patronato de la Udlap nombr\u00f3 el 12 de julio a Armando R\u00edos Piter como rector<\/p>\n","protected":false},"author":1,"featured_media":456,"comment_status":"open","ping_status":"open","sticky":false,"template":"","format":"standard","meta":{"om_disable_all_campaigns":false,"_monsterinsights_skip_tracking":false,"_monsterinsights_sitenote_active":false,"_monsterinsights_sitenote_note":"","_monsterinsights_sitenote_category":0,"footnotes":""},"categories":[175],"tags":[],"class_list":["post-455","post","type-post","status-publish","format-standard","has-post-thumbnail","hentry","category-local"],"amp_enabled":true,"_links":{"self":[{"href":"https:\/\/lahora.mx\/index.php\/wp-json\/wp\/v2\/posts\/455","targetHints":{"allow":["GET"]}}],"collection":[{"href":"https:\/\/lahora.mx\/index.php\/wp-json\/wp\/v2\/posts"}],"about":[{"href":"https:\/\/lahora.mx\/index.php\/wp-json\/wp\/v2\/types\/post"}],"author":[{"embeddable":true,"href":"https:\/\/lahora.mx\/index.php\/wp-json\/wp\/v2\/users\/1"}],"replies":[{"embeddable":true,"href":"https:\/\/lahora.mx\/index.php\/wp-json\/wp\/v2\/comments?post=455"}],"version-history":[{"count":1,"href":"https:\/\/lahora.mx\/index.php\/wp-json\/wp\/v2\/posts\/455\/revisions"}],"predecessor-version":[{"id":457,"href":"https:\/\/lahora.mx\/index.php\/wp-json\/wp\/v2\/posts\/455\/revisions\/457"}],"wp:featuredmedia":[{"embeddable":true,"href":"https:\/\/lahora.mx\/index.php\/wp-json\/wp\/v2\/media\/456"}],"wp:attachment":[{"href":"https:\/\/lahora.mx\/index.php\/wp-json\/wp\/v2\/media?parent=455"}],"wp:term":[{"taxonomy":"category","embeddable":true,"href":"https:\/\/lahora.mx\/index.php\/wp-json\/wp\/v2\/categories?post=455"},{"taxonomy":"post_tag","embeddable":true,"href":"https:\/\/lahora.mx\/index.php\/wp-json\/wp\/v2\/tags?post=455"}],"curies":[{"name":"wp","href":"https:\/\/api.w.org\/{rel}","templated":true}]}}