{"id":45409,"date":"2024-05-02T17:53:20","date_gmt":"2024-05-02T17:53:20","guid":{"rendered":"http:\/\/lahora.mx\/?p=45409"},"modified":"2024-05-02T17:53:21","modified_gmt":"2024-05-02T17:53:21","slug":"gobierno-de-puebla-permitira-que-franeleros-operen-en-la-feria-de-puebla","status":"publish","type":"post","link":"https:\/\/lahora.mx\/index.php\/2024\/05\/02\/gobierno-de-puebla-permitira-que-franeleros-operen-en-la-feria-de-puebla\/","title":{"rendered":"Gobierno de Puebla permitir\u00e1 que franeleros operen en la Feria de Puebla"},"content":{"rendered":"\n<p>Los franeleros continuar\u00e1n trabajando en la zona de la Feria de Puebla para poder llenar los estacionamientos y en su caso acomodar los veh\u00edculos en calles aleda\u00f1as, esto a pesar de que el mi\u00e9rcoles 1 de mayo se registrara un enfrentamiento entre la organizaci\u00f3n 28 de Octubre y elementos de la Secretar\u00eda de Seguridad Ciudadana (SSC), as\u00ed lo sostuvo la Secretar\u00eda de Gobernaci\u00f3n (Segob) estatal.<\/p>\n\n\n\n<p>La tarde del mi\u00e9rcoles 1 de mayo se present\u00f3 un conato de bronca entre algunos franeleros y elementos de la SSC debido a que trataban de retirar el apartado de lugares en la zona cercana a Los Fuertes de Loreto y Guadalupe, cuesti\u00f3n que hizo que la organizaci\u00f3n respondiera con golpes y hasta aventara piedras.<\/p>\n\n\n\n<p>El operativo por parte de los elementos municipales fue debido a que los vecinos reportaron apartado de lugares y cobros excesivos que van de los 200 pesos hasta los 500 pesos, dependiendo del tiempo al intentar estacionar sus autos cerca de la zona hist\u00f3rica de Los Fuertes.<\/p>\n\n\n\n<p>Por lo anterior, la Segob inform\u00f3 a trav\u00e9s de un comunicado que la agrupaci\u00f3n (28 de Octubre) se comprometi\u00f3 a privilegiar el di\u00e1logo y la paz, y no entrar en conflicto social.<\/p>\n\n\n\n<p>Adem\u00e1s de que ante cualquier problem\u00e1tica lo reportar\u00e1 ante a la dependencia de gobierno.<\/p>\n\n\n\n<p>\u00abRealizar\u00e1 un listado de franeleros en la zona, adem\u00e1s de que su personal priorizar\u00e1 llenar los estacionamientos la feria, para posteriormente acomodar los veh\u00edculos en calles aleda\u00f1as\u00bb, escribi\u00f3.<\/p>\n\n\n\n<p>Asimismo, comunicaron que elementos de la SSC instalar\u00e1n su Centro de Control de Seguridad en calles colindantes al Centro Expositor, y Gobernaci\u00f3n municipal estar\u00e1 a cargo de la presencia de ambulantes y franeleros en la zona.<\/p>\n\n\n\n<p>La Secretar\u00eda de Gobernaci\u00f3n indic\u00f3 que la zona de conflicto est\u00e1 en orden y elementos de la Secretar\u00eda de Seguridad P\u00fablica (SSP) se encuentran en inmediaciones de la Feria de Puebla para mayor eficacia.<\/p>\n\n\n\n<p>Mientras que personal de la Secretar\u00eda de Movilidad y Transporte vigilar\u00e1 el correcto ascenso y descenso del pasaje, as\u00ed como el cobro de tarifas justas.<\/p>\n\n\n\n<p>Finalmente, enfatiz\u00f3 que la dependencia de gobierno se mantiene atenta a los posibles desacuerdos que surjan en la zona, e instalar\u00e1 reuniones de trabajo continuamente.<\/p>\n","protected":false},"excerpt":{"rendered":"<p>Los franeleros continuar\u00e1n trabajando en la zona de la Feria de Puebla para poder llenar los estacionamientos y en su caso acomodar los veh\u00edculos en calles aleda\u00f1as, esto a pesar de que el mi\u00e9rcoles 1 de mayo se registrara un enfrentamiento entre la organizaci\u00f3n 28 de Octubre y elementos de la Secretar\u00eda de Seguridad Ciudadana [&hellip;]<\/p>\n","protected":false},"author":4,"featured_media":45410,"comment_status":"open","ping_status":"open","sticky":false,"template":"","format":"standard","meta":{"om_disable_all_campaigns":false,"_monsterinsights_skip_tracking":false,"_monsterinsights_sitenote_active":false,"_monsterinsights_sitenote_note":"","_monsterinsights_sitenote_category":0,"footnotes":""},"categories":[175],"tags":[195,223],"class_list":["post-45409","post","type-post","status-publish","format-standard","has-post-thumbnail","hentry","category-local","tag-principal","tag-puebla"],"amp_enabled":true,"_links":{"self":[{"href":"https:\/\/lahora.mx\/index.php\/wp-json\/wp\/v2\/posts\/45409","targetHints":{"allow":["GET"]}}],"collection":[{"href":"https:\/\/lahora.mx\/index.php\/wp-json\/wp\/v2\/posts"}],"about":[{"href":"https:\/\/lahora.mx\/index.php\/wp-json\/wp\/v2\/types\/post"}],"author":[{"embeddable":true,"href":"https:\/\/lahora.mx\/index.php\/wp-json\/wp\/v2\/users\/4"}],"replies":[{"embeddable":true,"href":"https:\/\/lahora.mx\/index.php\/wp-json\/wp\/v2\/comments?post=45409"}],"version-history":[{"count":1,"href":"https:\/\/lahora.mx\/index.php\/wp-json\/wp\/v2\/posts\/45409\/revisions"}],"predecessor-version":[{"id":45411,"href":"https:\/\/lahora.mx\/index.php\/wp-json\/wp\/v2\/posts\/45409\/revisions\/45411"}],"wp:featuredmedia":[{"embeddable":true,"href":"https:\/\/lahora.mx\/index.php\/wp-json\/wp\/v2\/media\/45410"}],"wp:attachment":[{"href":"https:\/\/lahora.mx\/index.php\/wp-json\/wp\/v2\/media?parent=45409"}],"wp:term":[{"taxonomy":"category","embeddable":true,"href":"https:\/\/lahora.mx\/index.php\/wp-json\/wp\/v2\/categories?post=45409"},{"taxonomy":"post_tag","embeddable":true,"href":"https:\/\/lahora.mx\/index.php\/wp-json\/wp\/v2\/tags?post=45409"}],"curies":[{"name":"wp","href":"https:\/\/api.w.org\/{rel}","templated":true}]}}