{"id":45387,"date":"2024-05-01T23:29:16","date_gmt":"2024-05-01T23:29:16","guid":{"rendered":"http:\/\/lahora.mx\/?p=45387"},"modified":"2024-05-01T23:29:16","modified_gmt":"2024-05-01T23:29:16","slug":"ayuntamiento-retira-a-franeleros-en-la-feria-de-puebla","status":"publish","type":"post","link":"https:\/\/lahora.mx\/index.php\/2024\/05\/01\/ayuntamiento-retira-a-franeleros-en-la-feria-de-puebla\/","title":{"rendered":"Ayuntamiento retira a franeleros en la Feria de Puebla"},"content":{"rendered":"\n<p>El ayuntamiento de Puebla retir\u00f3 cajas, botes, cartones, llantas y dem\u00e1s objetos que eran utilizados para apartar lugares de estacionamiento y lucrar con estos en la zona de la Feria de Puebla, as\u00ed como en algunas calles del primer cuadro de la ciudad.<\/p>\n\n\n\n<p>A trav\u00e9s de un comunicado, el gobierno municipal dio a conocer que se realizaron diversos operativos para inhibir este tipo de acciones que obstruyen la v\u00eda p\u00fablica. Estos efectivos se ejecutaron en la zona de la Feria de Puebla, debido a la gran afluencia que se registra y en las calles 12 y 14 Oriente-Poniente del Centro Hist\u00f3rico.<br><\/p>\n\n\n\n<p>Se detall\u00f3 que este dispositivo se llev\u00f3 a cabo por parte de los elementos de la Subsecretar\u00eda de Movilidad, la Direcci\u00f3n de Control de Tr\u00e1nsito, el Departamento de V\u00eda P\u00fablica y de la Unidad de Normatividad y Regulaci\u00f3n Comercial.<\/p>\n\n\n\n<p>Durante los operativos se encontraron con que hab\u00eda llantas, botes de pl\u00e1stico, conos, cajas, cartones y hasta piedras en las calles para apartar lugares, lo cual de acuerdo con el C\u00f3digo Reglamentario del Municipio de Puebla (Coremun) no est\u00e1 permitido.<\/p>\n\n\n\n<p>Por tanto, es que se dio a conocer que fue desde el inicio de la Feria de Puebla, el pasado 25 de abril cuando se reforzaron estos dispositivos y continuar\u00e1n para evitar que obstaculicen los cajones marcados de parqu\u00edmetros o la v\u00eda p\u00fablica para mejorar la movilidad y mantener el orden en la ciudad.<\/p>\n\n\n\n<p>Cabe mencionar que una de las mayores quejas que han externado los visitantes de la Feria de Puebla es el estacionamiento, puesto que franeleros han tomado las calles que rodean la zona hist\u00f3rica de Los Fuertes, para cobrar altos montos por un lugar de aparcamiento.<\/p>\n\n\n\n<p>En un recorrido realizado por El Sol de Puebla se constat\u00f3 que, en efecto, los precios van desde los 100 pesos hasta los 500 pesos, esto dependiendo de la hora y la alta demanda que exista en la feria.<\/p>\n","protected":false},"excerpt":{"rendered":"<p>El ayuntamiento de Puebla retir\u00f3 cajas, botes, cartones, llantas y dem\u00e1s objetos que eran utilizados para apartar lugares de estacionamiento y lucrar con estos en la zona de la Feria de Puebla, as\u00ed como en algunas calles del primer cuadro de la ciudad. A trav\u00e9s de un comunicado, el gobierno municipal dio a conocer que [&hellip;]<\/p>\n","protected":false},"author":4,"featured_media":45388,"comment_status":"open","ping_status":"open","sticky":false,"template":"","format":"standard","meta":{"om_disable_all_campaigns":false,"_monsterinsights_skip_tracking":false,"_monsterinsights_sitenote_active":false,"_monsterinsights_sitenote_note":"","_monsterinsights_sitenote_category":0,"footnotes":""},"categories":[175],"tags":[195,223],"class_list":["post-45387","post","type-post","status-publish","format-standard","has-post-thumbnail","hentry","category-local","tag-principal","tag-puebla"],"amp_enabled":true,"_links":{"self":[{"href":"https:\/\/lahora.mx\/index.php\/wp-json\/wp\/v2\/posts\/45387","targetHints":{"allow":["GET"]}}],"collection":[{"href":"https:\/\/lahora.mx\/index.php\/wp-json\/wp\/v2\/posts"}],"about":[{"href":"https:\/\/lahora.mx\/index.php\/wp-json\/wp\/v2\/types\/post"}],"author":[{"embeddable":true,"href":"https:\/\/lahora.mx\/index.php\/wp-json\/wp\/v2\/users\/4"}],"replies":[{"embeddable":true,"href":"https:\/\/lahora.mx\/index.php\/wp-json\/wp\/v2\/comments?post=45387"}],"version-history":[{"count":1,"href":"https:\/\/lahora.mx\/index.php\/wp-json\/wp\/v2\/posts\/45387\/revisions"}],"predecessor-version":[{"id":45389,"href":"https:\/\/lahora.mx\/index.php\/wp-json\/wp\/v2\/posts\/45387\/revisions\/45389"}],"wp:featuredmedia":[{"embeddable":true,"href":"https:\/\/lahora.mx\/index.php\/wp-json\/wp\/v2\/media\/45388"}],"wp:attachment":[{"href":"https:\/\/lahora.mx\/index.php\/wp-json\/wp\/v2\/media?parent=45387"}],"wp:term":[{"taxonomy":"category","embeddable":true,"href":"https:\/\/lahora.mx\/index.php\/wp-json\/wp\/v2\/categories?post=45387"},{"taxonomy":"post_tag","embeddable":true,"href":"https:\/\/lahora.mx\/index.php\/wp-json\/wp\/v2\/tags?post=45387"}],"curies":[{"name":"wp","href":"https:\/\/api.w.org\/{rel}","templated":true}]}}