{"id":45381,"date":"2024-05-01T22:56:36","date_gmt":"2024-05-01T22:56:36","guid":{"rendered":"http:\/\/lahora.mx\/?p=45381"},"modified":"2024-05-01T22:56:36","modified_gmt":"2024-05-01T22:56:36","slug":"sindicalistas-reconocen-labor-de-sergio-salomon","status":"publish","type":"post","link":"https:\/\/lahora.mx\/index.php\/2024\/05\/01\/sindicalistas-reconocen-labor-de-sergio-salomon\/","title":{"rendered":"Sindicalistas reconocen labor de Sergio Salom\u00f3n"},"content":{"rendered":"\n<p>Arropado por los representantes de sindicatos de todas las \u00e1reas, desde obreros, hasta magisteriales, el mandatario estatal Sergio Salom\u00f3n C\u00e9spedes Peregrina, conmemor\u00f3 el D\u00eda del Trabajo.<\/p>\n\n\n\n<p>Durante la ceremonia del 1 de Mayo, D\u00eda del Trabajo, Javier Gasca Arenas, secretario general de la Confederaci\u00f3n Internacional del Trabajo en Puebla, agradeci\u00f3 al gobernador por la interacci\u00f3n ante las empresas y obras que ha tra\u00eddo empleos a la entidad.<\/p>\n\n\n\n<p>Indic\u00f3 que la actual administraci\u00f3n gubernamental ha marcado el tema de la familia arduamente, adem\u00e1s de que la clase trabajadora es un pilar fundamental para ser combativos en temas tan importantes como el combate a la inseguridad.<\/p>\n\n\n\n<p>\u201cLa lucha continua y est\u00e1 presente en las acciones generadas por sindicalistas, trabajadores y empresarios a trav\u00e9s del trabajo digno y reforma laboral\u201d, sostuvo el l\u00edder laboral.<\/p>\n\n\n\n<p>Indic\u00f3 que ha habido avances como en el aumento de salario m\u00ednimo y la disminuci\u00f3n de las brechas de desigualdad en el trabajo, inclusive con la visibilizaci\u00f3n del empleo no remunerado.<\/p>\n\n\n\n<p>Se\u00f1al\u00f3 que la lucha organizada es la mejor estrategia frente a las injusticias sist\u00e9micas que sufre un grupo.<\/p>\n\n\n\n<p>\u201cNuestra lucha tiene mayores alcances, es la labor conjunta, interacci\u00f3n entre sindicatos y empresarios (\u2026) los desaf\u00edos evolucionan r\u00e1pidamente la colaboraci\u00f3n entre ambas partes es indispensable para abordar los retos y justicia para trabajadores\u201d, a\u00f1adi\u00f3.<\/p>\n\n\n\n<p>Indic\u00f3 que un sindicalismo basado en dialogo franco, no solo fortalece la posici\u00f3n de los trabajadores, sino contribuye a las relaciones saludables equitativas.<\/p>\n\n\n\n<p>\u201cSeguimos en pie de lucha, para un mundo justo para los trabajadores y mexicanos\u201d, asever\u00f3.<\/p>\n\n\n\n<p>Por su parte, Carlos Alberto Toriz Morales, encargado de despacho de la Secretar\u00eda del Trabajo estatal, indic\u00f3 que la dependencia est\u00e1 comprometida para mantener dialogo firme y abierto con los empleadores y empleados, con el prop\u00f3sito de mantener sinergias para velar por los derechos de los trabajadores.<\/p>\n\n\n\n<p>Enfatiz\u00f3 en la importancia de la Reforma laboral de 2019, con la la importancia de la misma en las modificaciones a derechos de transparencia, justicia laboral pronta expedita, derechos de las personas del hogar y agr\u00edcola, el teletrabajo o home office.<\/p>\n\n\n\n<p>\u201cTrabajo decente oportunidad para todos de ingresos dignos en trabajo productivo, protecci\u00f3n social para su familia y trabajadores\u201d, dijo finalmente.<\/p>\n","protected":false},"excerpt":{"rendered":"<p>Arropado por los representantes de sindicatos de todas las \u00e1reas, desde obreros, hasta magisteriales, el mandatario estatal Sergio Salom\u00f3n C\u00e9spedes Peregrina, conmemor\u00f3 el D\u00eda del Trabajo. Durante la ceremonia del 1 de Mayo, D\u00eda del Trabajo, Javier Gasca Arenas, secretario general de la Confederaci\u00f3n Internacional del Trabajo en Puebla, agradeci\u00f3 al gobernador por la interacci\u00f3n [&hellip;]<\/p>\n","protected":false},"author":4,"featured_media":45382,"comment_status":"open","ping_status":"open","sticky":false,"template":"","format":"standard","meta":{"om_disable_all_campaigns":false,"_monsterinsights_skip_tracking":false,"_monsterinsights_sitenote_active":false,"_monsterinsights_sitenote_note":"","_monsterinsights_sitenote_category":0,"footnotes":""},"categories":[175],"tags":[223],"class_list":["post-45381","post","type-post","status-publish","format-standard","has-post-thumbnail","hentry","category-local","tag-puebla"],"amp_enabled":true,"_links":{"self":[{"href":"https:\/\/lahora.mx\/index.php\/wp-json\/wp\/v2\/posts\/45381","targetHints":{"allow":["GET"]}}],"collection":[{"href":"https:\/\/lahora.mx\/index.php\/wp-json\/wp\/v2\/posts"}],"about":[{"href":"https:\/\/lahora.mx\/index.php\/wp-json\/wp\/v2\/types\/post"}],"author":[{"embeddable":true,"href":"https:\/\/lahora.mx\/index.php\/wp-json\/wp\/v2\/users\/4"}],"replies":[{"embeddable":true,"href":"https:\/\/lahora.mx\/index.php\/wp-json\/wp\/v2\/comments?post=45381"}],"version-history":[{"count":1,"href":"https:\/\/lahora.mx\/index.php\/wp-json\/wp\/v2\/posts\/45381\/revisions"}],"predecessor-version":[{"id":45383,"href":"https:\/\/lahora.mx\/index.php\/wp-json\/wp\/v2\/posts\/45381\/revisions\/45383"}],"wp:featuredmedia":[{"embeddable":true,"href":"https:\/\/lahora.mx\/index.php\/wp-json\/wp\/v2\/media\/45382"}],"wp:attachment":[{"href":"https:\/\/lahora.mx\/index.php\/wp-json\/wp\/v2\/media?parent=45381"}],"wp:term":[{"taxonomy":"category","embeddable":true,"href":"https:\/\/lahora.mx\/index.php\/wp-json\/wp\/v2\/categories?post=45381"},{"taxonomy":"post_tag","embeddable":true,"href":"https:\/\/lahora.mx\/index.php\/wp-json\/wp\/v2\/tags?post=45381"}],"curies":[{"name":"wp","href":"https:\/\/api.w.org\/{rel}","templated":true}]}}