{"id":45365,"date":"2024-05-01T16:18:00","date_gmt":"2024-05-01T16:18:00","guid":{"rendered":"http:\/\/lahora.mx\/?p=45365"},"modified":"2024-05-01T16:18:01","modified_gmt":"2024-05-01T16:18:01","slug":"reapertura-del-relleno-sanitario-de-cholula-provoca-revuelta-de-pobladores-y-activistas","status":"publish","type":"post","link":"https:\/\/lahora.mx\/index.php\/2024\/05\/01\/reapertura-del-relleno-sanitario-de-cholula-provoca-revuelta-de-pobladores-y-activistas\/","title":{"rendered":"Reapertura del relleno sanitario de Cholula provoca revuelta de pobladores y activistas"},"content":{"rendered":"\n<p>La reapertura del Relleno Sanitario de Calpan por parte de la Profepa ayer, provoc\u00f3 una revuelta de pobladores y activistas de la zona de las Cholulas y Huejotzingo que se mantiene hasta la madrugada de hoy.<\/p>\n\n\n\n<p>Pas\u00f3 del bloqueo de la carretera que conecta al lugar a enfrentamientos entre pobladores y polic\u00edas en la zona, detonaciones de armas de fuego, adem\u00e1s de destrozos en varios veh\u00edculos.<\/p>\n\n\n\n<p>Al cierre de la edici\u00f3n decenas de polic\u00edas se agrupaban y cientos de vecinos de la localidad se apertrecharon en el basurero, dejando latente un enfrentamiento. El tenso ambiente oblig\u00f3 al retiro de los reporteros que cubr\u00edan los hechos.<\/p>\n\n\n\n<p>En cuanto a los l\u00edderes de la Uni\u00f3n de Pueblos, detallaron que se presentaron tres detenciones durante el enfrentamiento con granaderos, mientras al mismo tiempo levantaban cuatro barricadas a lo largo de los caminos que conducen al relleno sanitario para impedir el paso de camiones de basura.<\/p>\n\n\n\n<p>Adem\u00e1s, este choque, seg\u00fan relatan activistas, dej\u00f3 heridos por golpes, lo que gener\u00f3 mayor tensi\u00f3n en la zona del conflicto, as\u00ed como temor a vecinos aleda\u00f1os al basurero.<\/p>\n\n\n\n<p>El camino conocido como \u2018Cuatro Caminos\u2019 fue cerrado por la Polic\u00eda Estatal, para impedir que pobladoras de Calpan se sumaran a dicha protesta, mientras que el resto de activistas y pobladores que participaron fueron rodeados por granaderos<\/p>\n\n\n\n<p>Inicio del conflicto<br>La situaci\u00f3n se desencaden\u00f3 luego de que la Secretar\u00eda de Gobierno (Segob) de Puebla notific\u00f3 a los 21 alcaldes afectados sobre el retiro de los sellos de clausura del relleno en Calpan.<\/p>\n\n\n\n<p>Cinco camiones recolectores de distintos municipios como San Andr\u00e9s Cholula, Domingo Arenas y Chiautzingo llegaron al sitio escoltados por polic\u00edas municipales, sin embargo, fueron confrontados por activistas presentes en la zona.<\/p>\n\n\n\n<p>Ante estos hechos los activistas, que desde el 21 de Marzo mantienen un plant\u00f3n frente al relleno sanitario, decidieron bloquear la carretera a Calpan en protesta por el retiro de los sellos de clausura y el intento de ingreso forzado.<\/p>\n\n\n\n<p>Durante el altercado se reportaron detonaciones de arma de fuego contra los manifestantes, aunque no se ha determinado si fueron polic\u00edas o civiles quienes dispararon, adem\u00e1s de la presunta detenci\u00f3n de una persona.<\/p>\n\n\n\n<p>Los manifestantes hicieron p\u00fablico un video responsabilizando a polic\u00edas municipales y estatales, a la empresa Profaj Hidrolimpieza, por cualquier atentado contra ellos.<\/p>\n\n\n\n<p>Asimismo, diversas asociaciones, como Amnist\u00eda Internacional, expresaron su apoyo a las comunidades que se manifestaron, instando a las autoridades de Puebla a garantizar el derecho a la protesta pac\u00edfica de los pueblos originarios en defensa del medio ambiente, as\u00ed como a escuchar sus demandas.<\/p>\n\n\n\n<p>Por otro lado, la Uni\u00f3n de Pueblos hab\u00eda denunciado previamente amenazas y hostigamiento en el lugar del plant\u00f3n del Relleno Sanitario, destacando la provocaci\u00f3n de sujetos a bordo de motocicletas antes de la llegada de los camiones recolectores.<\/p>\n\n\n\n<p>Hasta el momento, las autoridades de Profepa no han confirmado si la empresa Profaj fue responsable del retiro de los sellos de clausura. Las autoridades competentes dan seguimiento a esta situaci\u00f3n.<\/p>\n","protected":false},"excerpt":{"rendered":"<p>La reapertura del Relleno Sanitario de Calpan por parte de la Profepa ayer, provoc\u00f3 una revuelta de pobladores y activistas de la zona de las Cholulas y Huejotzingo que se mantiene hasta la madrugada de hoy. Pas\u00f3 del bloqueo de la carretera que conecta al lugar a enfrentamientos entre pobladores y polic\u00edas en la zona, [&hellip;]<\/p>\n","protected":false},"author":4,"featured_media":45367,"comment_status":"open","ping_status":"open","sticky":false,"template":"","format":"standard","meta":{"om_disable_all_campaigns":false,"_monsterinsights_skip_tracking":false,"_monsterinsights_sitenote_active":false,"_monsterinsights_sitenote_note":"","_monsterinsights_sitenote_category":0,"footnotes":""},"categories":[175],"tags":[234,223],"class_list":["post-45365","post","type-post","status-publish","format-standard","has-post-thumbnail","hentry","category-local","tag-cholula","tag-puebla"],"amp_enabled":true,"_links":{"self":[{"href":"https:\/\/lahora.mx\/index.php\/wp-json\/wp\/v2\/posts\/45365","targetHints":{"allow":["GET"]}}],"collection":[{"href":"https:\/\/lahora.mx\/index.php\/wp-json\/wp\/v2\/posts"}],"about":[{"href":"https:\/\/lahora.mx\/index.php\/wp-json\/wp\/v2\/types\/post"}],"author":[{"embeddable":true,"href":"https:\/\/lahora.mx\/index.php\/wp-json\/wp\/v2\/users\/4"}],"replies":[{"embeddable":true,"href":"https:\/\/lahora.mx\/index.php\/wp-json\/wp\/v2\/comments?post=45365"}],"version-history":[{"count":1,"href":"https:\/\/lahora.mx\/index.php\/wp-json\/wp\/v2\/posts\/45365\/revisions"}],"predecessor-version":[{"id":45368,"href":"https:\/\/lahora.mx\/index.php\/wp-json\/wp\/v2\/posts\/45365\/revisions\/45368"}],"wp:featuredmedia":[{"embeddable":true,"href":"https:\/\/lahora.mx\/index.php\/wp-json\/wp\/v2\/media\/45367"}],"wp:attachment":[{"href":"https:\/\/lahora.mx\/index.php\/wp-json\/wp\/v2\/media?parent=45365"}],"wp:term":[{"taxonomy":"category","embeddable":true,"href":"https:\/\/lahora.mx\/index.php\/wp-json\/wp\/v2\/categories?post=45365"},{"taxonomy":"post_tag","embeddable":true,"href":"https:\/\/lahora.mx\/index.php\/wp-json\/wp\/v2\/tags?post=45365"}],"curies":[{"name":"wp","href":"https:\/\/api.w.org\/{rel}","templated":true}]}}