{"id":45362,"date":"2024-05-01T15:59:35","date_gmt":"2024-05-01T15:59:35","guid":{"rendered":"http:\/\/lahora.mx\/?p=45362"},"modified":"2024-05-01T15:59:36","modified_gmt":"2024-05-01T15:59:36","slug":"llenan-de-dr-simi-a-sebastian-yatra-en-la-feria-de-puebla","status":"publish","type":"post","link":"https:\/\/lahora.mx\/index.php\/2024\/05\/01\/llenan-de-dr-simi-a-sebastian-yatra-en-la-feria-de-puebla\/","title":{"rendered":"Llenan de Dr. Simi a Sebasti\u00e1n Yatra en la Feria de Puebla"},"content":{"rendered":"\n<p>El \u201cYatra Yatra\u201d de Sebasti\u00e1n Yatra son\u00f3 fuerte en la plaza c\u00edvica de la victoria en la noche de este 30 de abril, ya que el cantante colombiano ofreci\u00f3 un concierto gratuito en el Teatro del Pueblo de la Feria de Puebla 2024.<\/p>\n\n\n\n<p>Aunque al principio se notaba poca afluencia de gente, cuando las luces se encendieron, logr\u00f3 tener buena asistencia el espect\u00e1culo. Fue alrededor de las 21:45 horas que Sebasti\u00e1n arranc\u00f3 con \u201cPareja del A\u00f1o\u201d, \u201cSutra\u201d y \u201cTraicionera\u201d.<br><\/p>\n\n\n\n<p>Fans de Sebasti\u00e1n Yatra lloran<br>Durante una parte del espect\u00e1culo, Sebastian puso nost\u00e1lgicas a las personas, incluso algunas soltaron sus lagrima y fueron transmitidas a trav\u00e9s de las pantallas instaladas. \u201cUn A\u00f1o\u201d, \u201cDevu\u00e9lveme El Coraz\u00f3n\u201d, \u201cEn Enero\u201d, formaron parte de esta parte del evento.<\/p>\n\n\n\n<p>Mientras unos lloraron, otros m\u00e1s aplaudieron y cantaron euf\u00f3ricos las melod\u00edas del artista. As\u00ed como se notaba entre la multitud a parejas abrazas por el evento del colombiano.<\/p>\n","protected":false},"excerpt":{"rendered":"<p>El \u201cYatra Yatra\u201d de Sebasti\u00e1n Yatra son\u00f3 fuerte en la plaza c\u00edvica de la victoria en la noche de este 30 de abril, ya que el cantante colombiano ofreci\u00f3 un concierto gratuito en el Teatro del Pueblo de la Feria de Puebla 2024. Aunque al principio se notaba poca afluencia de gente, cuando las luces [&hellip;]<\/p>\n","protected":false},"author":4,"featured_media":45363,"comment_status":"open","ping_status":"open","sticky":false,"template":"","format":"standard","meta":{"om_disable_all_campaigns":false,"_monsterinsights_skip_tracking":false,"_monsterinsights_sitenote_active":false,"_monsterinsights_sitenote_note":"","_monsterinsights_sitenote_category":0,"footnotes":""},"categories":[3],"tags":[],"class_list":["post-45362","post","type-post","status-publish","format-standard","has-post-thumbnail","hentry","category-entretenimiento"],"amp_enabled":true,"_links":{"self":[{"href":"https:\/\/lahora.mx\/index.php\/wp-json\/wp\/v2\/posts\/45362","targetHints":{"allow":["GET"]}}],"collection":[{"href":"https:\/\/lahora.mx\/index.php\/wp-json\/wp\/v2\/posts"}],"about":[{"href":"https:\/\/lahora.mx\/index.php\/wp-json\/wp\/v2\/types\/post"}],"author":[{"embeddable":true,"href":"https:\/\/lahora.mx\/index.php\/wp-json\/wp\/v2\/users\/4"}],"replies":[{"embeddable":true,"href":"https:\/\/lahora.mx\/index.php\/wp-json\/wp\/v2\/comments?post=45362"}],"version-history":[{"count":1,"href":"https:\/\/lahora.mx\/index.php\/wp-json\/wp\/v2\/posts\/45362\/revisions"}],"predecessor-version":[{"id":45364,"href":"https:\/\/lahora.mx\/index.php\/wp-json\/wp\/v2\/posts\/45362\/revisions\/45364"}],"wp:featuredmedia":[{"embeddable":true,"href":"https:\/\/lahora.mx\/index.php\/wp-json\/wp\/v2\/media\/45363"}],"wp:attachment":[{"href":"https:\/\/lahora.mx\/index.php\/wp-json\/wp\/v2\/media?parent=45362"}],"wp:term":[{"taxonomy":"category","embeddable":true,"href":"https:\/\/lahora.mx\/index.php\/wp-json\/wp\/v2\/categories?post=45362"},{"taxonomy":"post_tag","embeddable":true,"href":"https:\/\/lahora.mx\/index.php\/wp-json\/wp\/v2\/tags?post=45362"}],"curies":[{"name":"wp","href":"https:\/\/api.w.org\/{rel}","templated":true}]}}