{"id":45330,"date":"2024-05-01T02:14:12","date_gmt":"2024-05-01T02:14:12","guid":{"rendered":"http:\/\/lahora.mx\/?p=45330"},"modified":"2024-05-01T02:14:13","modified_gmt":"2024-05-01T02:14:13","slug":"se-quita-la-vida-el-empresario-inmobiliario-pepe-ventosa","status":"publish","type":"post","link":"https:\/\/lahora.mx\/index.php\/2024\/05\/01\/se-quita-la-vida-el-empresario-inmobiliario-pepe-ventosa\/","title":{"rendered":"Se quita la vida el empresario inmobiliario Pepe Ventosa"},"content":{"rendered":"\n<p>Este d\u00eda se report\u00f3 la muerte por suicidio del empresario poblano Jos\u00e9 Ventosa Pedroche, quien se habr\u00eda disparado; problemas econ\u00f3micos en su empresa Asfalto y Asociados ser\u00edan la causa de su suicidio.<\/p>\n\n\n\n<p>Jos\u00e9 Luis Ventosa Pedroche se encontraba al frente de la empresa Asfalto y Asociados, inmobiliaria que se hizo conocida en 2016 por un fraude millonario en la zona de Lomas de Angel\u00f3polis.<\/p>\n\n\n\n<p>La empresa pretend\u00eda construir el fraccionamiento El Delirio en la zona de Lomas de Angel\u00f3polis y los terrenos fueron vendidos hasta en 7 mil 200 pesos el metro cuadrado en ese entonces.<\/p>\n\n\n\n<p>El fraccionamiento se vendi\u00f3 como una ampliaci\u00f3n de Lomas de Angel\u00f3polis y para su construcci\u00f3n derribaron una barda de manera arbitraria, adem\u00e1s, rellenaron el r\u00edo aleda\u00f1o al terreno, provocando inundaciones en la zona.<\/p>\n\n\n\n<p>Fueron por lo menos 50 casas las afectadas por esta supuesta construcci\u00f3n en la que se encontraron envueltos el delegado de Diconsa en Puebla, H\u00e9ctor El\u00edas Sulaiman, su hermano Juan Manuel y Jos\u00e9 Luis Ventosa.<\/p>\n\n\n\n<p>Supuestamente Jos\u00e9 Ventosa tambi\u00e9n ten\u00eda denuncias por fraude en otro desarrollo inmobiliario, Belmonte Residencial, el cual se ubica en Cuautlancingo, as\u00ed lo se\u00f1alaron testigos.<\/p>\n\n\n\n<p>De acuerdo con los afectados, Jos\u00e9 Ventosa ofertaba terrenos en la zona que ya contaban con due\u00f1o, presentando documentaci\u00f3n falsa, defraudando a los compradores.<\/p>\n","protected":false},"excerpt":{"rendered":"<p>Este d\u00eda se report\u00f3 la muerte por suicidio del empresario poblano Jos\u00e9 Ventosa Pedroche, quien se habr\u00eda disparado; problemas econ\u00f3micos en su empresa Asfalto y Asociados ser\u00edan la causa de su suicidio. Jos\u00e9 Luis Ventosa Pedroche se encontraba al frente de la empresa Asfalto y Asociados, inmobiliaria que se hizo conocida en 2016 por un [&hellip;]<\/p>\n","protected":false},"author":4,"featured_media":45331,"comment_status":"open","ping_status":"open","sticky":false,"template":"","format":"standard","meta":{"om_disable_all_campaigns":false,"_monsterinsights_skip_tracking":false,"_monsterinsights_sitenote_active":false,"_monsterinsights_sitenote_note":"","_monsterinsights_sitenote_category":0,"footnotes":""},"categories":[175],"tags":[195],"class_list":["post-45330","post","type-post","status-publish","format-standard","has-post-thumbnail","hentry","category-local","tag-principal"],"amp_enabled":true,"_links":{"self":[{"href":"https:\/\/lahora.mx\/index.php\/wp-json\/wp\/v2\/posts\/45330","targetHints":{"allow":["GET"]}}],"collection":[{"href":"https:\/\/lahora.mx\/index.php\/wp-json\/wp\/v2\/posts"}],"about":[{"href":"https:\/\/lahora.mx\/index.php\/wp-json\/wp\/v2\/types\/post"}],"author":[{"embeddable":true,"href":"https:\/\/lahora.mx\/index.php\/wp-json\/wp\/v2\/users\/4"}],"replies":[{"embeddable":true,"href":"https:\/\/lahora.mx\/index.php\/wp-json\/wp\/v2\/comments?post=45330"}],"version-history":[{"count":1,"href":"https:\/\/lahora.mx\/index.php\/wp-json\/wp\/v2\/posts\/45330\/revisions"}],"predecessor-version":[{"id":45332,"href":"https:\/\/lahora.mx\/index.php\/wp-json\/wp\/v2\/posts\/45330\/revisions\/45332"}],"wp:featuredmedia":[{"embeddable":true,"href":"https:\/\/lahora.mx\/index.php\/wp-json\/wp\/v2\/media\/45331"}],"wp:attachment":[{"href":"https:\/\/lahora.mx\/index.php\/wp-json\/wp\/v2\/media?parent=45330"}],"wp:term":[{"taxonomy":"category","embeddable":true,"href":"https:\/\/lahora.mx\/index.php\/wp-json\/wp\/v2\/categories?post=45330"},{"taxonomy":"post_tag","embeddable":true,"href":"https:\/\/lahora.mx\/index.php\/wp-json\/wp\/v2\/tags?post=45330"}],"curies":[{"name":"wp","href":"https:\/\/api.w.org\/{rel}","templated":true}]}}