{"id":45327,"date":"2024-05-01T02:10:57","date_gmt":"2024-05-01T02:10:57","guid":{"rendered":"http:\/\/lahora.mx\/?p=45327"},"modified":"2024-05-01T02:10:58","modified_gmt":"2024-05-01T02:10:58","slug":"armenta-analiza-reactivar-tren-cholula-puebla","status":"publish","type":"post","link":"https:\/\/lahora.mx\/index.php\/2024\/05\/01\/armenta-analiza-reactivar-tren-cholula-puebla\/","title":{"rendered":"Armenta analiza reactivar Tren Cholula-Puebla"},"content":{"rendered":"\n<p>Alejandro Armenta Mier, candidato de Morena a la gubernatura de Puebla, analiza reactivar el proyecto morenovallista del Tren Cholula-Puebla, por lo que se sumar\u00e1 a los otros dos proyectos de v\u00edas f\u00e9rreas que tiene contemplado, aunque indic\u00f3 que a\u00fan falta detallar su recorrido.<\/p>\n\n\n\n<p>En entrevista, el morenista se limit\u00f3 a decir que van a planificar bien el recorrido de lo que ser\u00e1 el Tren de Pasajeros Cholula-Puebla una vez que sea retomada la de la ruta del Tren Tur\u00edstico, por lo que se sigue afinando el proyecto.<\/p>\n\n\n\n<p>En este sentido asegur\u00f3 que este trabajo se reforzar\u00e1 con la visi\u00f3n de Claudia Sheinbaum Pardo, candidata de Morena a la presidencia de M\u00e9xico, pues ella ya coment\u00f3 que uno de sus planes de gobierno es retomar v\u00edas f\u00e9rreas en el pa\u00eds.<\/p>\n\n\n\n<p>Adem\u00e1s, record\u00f3 que el proyecto ser\u00e1 prioritario debido a que retomar\u00e1 la construcci\u00f3n de v\u00edas f\u00e9rreas, y en este sentido, la semana pasada ratific\u00f3 su intenci\u00f3n para la creaci\u00f3n del Tren de pasajeros Puebla-Veracruz-M\u00e9xico.<br>\u201cTenemos una gran infraestructura en todas las v\u00edas f\u00e9rreas en Puebla, ahora con la doctora Claudia Sheinbaum vamos a trabajar los proyectos de desarrollo ferroviario con ello vamos a trabajar varios planes\u00bb, indic\u00f3.<\/p>\n\n\n\n<p>Sin embargo, coment\u00f3 que este plan se sumar\u00e1 a los otros dos que tiene la intenci\u00f3n de gestionar como las l\u00edneas Tlaxcala-Puebla, que ya hab\u00eda mencionado hace unas semanas, as\u00ed como la de Teziutl\u00e1n-Libres, pero de estos proyectos apenas dio a conocer que se tienen en mente.<\/p>\n\n\n\n<p>\u201cTenemos adem\u00e1s del proyecto Tlaxcala-Puebla, tenemos tambi\u00e9n contemplado el de Teziutl\u00e1n-Libres y el de Cholula-Puebla, nada m\u00e1s hay que ver la ruta porque contemplamos el Tren de pasajeros M\u00e9xico-Veracruz-Puebla\u201d, asegur\u00f3.<\/p>\n","protected":false},"excerpt":{"rendered":"<p>Alejandro Armenta Mier, candidato de Morena a la gubernatura de Puebla, analiza reactivar el proyecto morenovallista del Tren Cholula-Puebla, por lo que se sumar\u00e1 a los otros dos proyectos de v\u00edas f\u00e9rreas que tiene contemplado, aunque indic\u00f3 que a\u00fan falta detallar su recorrido. En entrevista, el morenista se limit\u00f3 a decir que van a planificar [&hellip;]<\/p>\n","protected":false},"author":4,"featured_media":45328,"comment_status":"open","ping_status":"open","sticky":false,"template":"","format":"standard","meta":{"om_disable_all_campaigns":false,"_monsterinsights_skip_tracking":false,"_monsterinsights_sitenote_active":false,"_monsterinsights_sitenote_note":"","_monsterinsights_sitenote_category":0,"footnotes":""},"categories":[175,5],"tags":[223],"class_list":["post-45327","post","type-post","status-publish","format-standard","has-post-thumbnail","hentry","category-local","category-politica","tag-puebla"],"amp_enabled":true,"_links":{"self":[{"href":"https:\/\/lahora.mx\/index.php\/wp-json\/wp\/v2\/posts\/45327","targetHints":{"allow":["GET"]}}],"collection":[{"href":"https:\/\/lahora.mx\/index.php\/wp-json\/wp\/v2\/posts"}],"about":[{"href":"https:\/\/lahora.mx\/index.php\/wp-json\/wp\/v2\/types\/post"}],"author":[{"embeddable":true,"href":"https:\/\/lahora.mx\/index.php\/wp-json\/wp\/v2\/users\/4"}],"replies":[{"embeddable":true,"href":"https:\/\/lahora.mx\/index.php\/wp-json\/wp\/v2\/comments?post=45327"}],"version-history":[{"count":1,"href":"https:\/\/lahora.mx\/index.php\/wp-json\/wp\/v2\/posts\/45327\/revisions"}],"predecessor-version":[{"id":45329,"href":"https:\/\/lahora.mx\/index.php\/wp-json\/wp\/v2\/posts\/45327\/revisions\/45329"}],"wp:featuredmedia":[{"embeddable":true,"href":"https:\/\/lahora.mx\/index.php\/wp-json\/wp\/v2\/media\/45328"}],"wp:attachment":[{"href":"https:\/\/lahora.mx\/index.php\/wp-json\/wp\/v2\/media?parent=45327"}],"wp:term":[{"taxonomy":"category","embeddable":true,"href":"https:\/\/lahora.mx\/index.php\/wp-json\/wp\/v2\/categories?post=45327"},{"taxonomy":"post_tag","embeddable":true,"href":"https:\/\/lahora.mx\/index.php\/wp-json\/wp\/v2\/tags?post=45327"}],"curies":[{"name":"wp","href":"https:\/\/api.w.org\/{rel}","templated":true}]}}