{"id":45320,"date":"2024-05-01T01:44:51","date_gmt":"2024-05-01T01:44:51","guid":{"rendered":"http:\/\/lahora.mx\/?p=45320"},"modified":"2024-05-01T01:44:51","modified_gmt":"2024-05-01T01:44:51","slug":"madrid-open-se-termina-el-sueno-para-nadal-queda-eliminado-en-los-8vos","status":"publish","type":"post","link":"https:\/\/lahora.mx\/index.php\/2024\/05\/01\/madrid-open-se-termina-el-sueno-para-nadal-queda-eliminado-en-los-8vos\/","title":{"rendered":"Madrid Open: Se termina el sue\u00f1o para Nadal; queda eliminado en los 8vos"},"content":{"rendered":"\n<p>Con parciales de 7-5, 6-4, es como Rafael Nadal se despide del Mutua Madrid Open tras caer en dos horas de juego ante Ji\u0159\u00ed Lehe\u010dka, tenista que fue el encargado de frenar el camino del balear en los octavos de final para seguir con el sue\u00f1o de conseguir su sexto t\u00edtulo en estas pistas de arcilla.<\/p>\n\n\n\n<p>El espa\u00f1ol se despide del cuarto Masters 1000 de la temporada con la cara en alto luego de aguantar un juego un d\u00eda despu\u00e9s de superar uno de m\u00e1s de tres horas ante Pedro Cach\u00edn, que justamente, no suced\u00eda desde Madrid 2022, adem\u00e1s de sostener a un rival que se mostr\u00f3 fuerte al servicio.<\/p>\n\n\n\n<p>Supera lo hecho en el Trofeo God\u00f3<br>Asimismo, el mallorqu\u00edn se va por la puerta grande al mejorar su presencia en Espa\u00f1a, ya que dice adi\u00f3s dos estaciones m\u00e1s all\u00e1 de lo que consigui\u00f3 en el Barcelona Open, torneo donde fue eliminado en la ronda de los 32 mejores por \u00c1lex de Mi\u00f1aur, sin embargo, pudo vengarse del australiano en este certamen madrile\u00f1o.<\/p>\n\n\n\n<p>Se despide con 20 presencias en Madrid<br>El ganador de 22 Grand Slams se quedar\u00e1 con la marca de hacer presencia en el escenario de esta Caja M\u00e1gica con 20, siendo sus triunfos en Madrid en los a\u00f1os de 2005, 2010, para que posteriormente se quedara con la corona en dos veces seguidas (2013 y 2014) y cerrar con Dominic Thiem en 2017.<\/p>\n\n\n\n<p>Luego de sus tres victorias conseguidas en este 2024, Rafa se despidi\u00f3 del estadio Manolo Santana en medio de una gran ovaci\u00f3n al t\u00e9rmino de su encuentro frente tenista checo, en donde mencion\u00f3 que fue una semana muy especial para \u00e9l y positiva en muchos sentidos.<\/p>\n\n\n\n<p>Asimismo, con l\u00e1grimas asom\u00e1ndose al recordar las casi dos d\u00e9cadas que particip\u00f3 en el Madrid Open, Nadal confes\u00f3 que ha sido un viaje incre\u00edble que empez\u00f3 \u00abcuando era muy peque\u00f1o\u00bb (2003), pero que estuvo a la altura en el momento de su primer campeonato, en donde ha tenido la oportunidad de jugar en una pista que le dio tanto a nivel deportivo.<\/p>\n","protected":false},"excerpt":{"rendered":"<p>Con parciales de 7-5, 6-4, es como Rafael Nadal se despide del Mutua Madrid Open tras caer en dos horas de juego ante Ji\u0159\u00ed Lehe\u010dka, tenista que fue el encargado de frenar el camino del balear en los octavos de final para seguir con el sue\u00f1o de conseguir su sexto t\u00edtulo en estas pistas de [&hellip;]<\/p>\n","protected":false},"author":4,"featured_media":45321,"comment_status":"open","ping_status":"open","sticky":false,"template":"","format":"standard","meta":{"om_disable_all_campaigns":false,"_monsterinsights_skip_tracking":false,"_monsterinsights_sitenote_active":false,"_monsterinsights_sitenote_note":"","_monsterinsights_sitenote_category":0,"footnotes":""},"categories":[3,6],"tags":[],"class_list":["post-45320","post","type-post","status-publish","format-standard","has-post-thumbnail","hentry","category-entretenimiento","category-sports"],"amp_enabled":true,"_links":{"self":[{"href":"https:\/\/lahora.mx\/index.php\/wp-json\/wp\/v2\/posts\/45320","targetHints":{"allow":["GET"]}}],"collection":[{"href":"https:\/\/lahora.mx\/index.php\/wp-json\/wp\/v2\/posts"}],"about":[{"href":"https:\/\/lahora.mx\/index.php\/wp-json\/wp\/v2\/types\/post"}],"author":[{"embeddable":true,"href":"https:\/\/lahora.mx\/index.php\/wp-json\/wp\/v2\/users\/4"}],"replies":[{"embeddable":true,"href":"https:\/\/lahora.mx\/index.php\/wp-json\/wp\/v2\/comments?post=45320"}],"version-history":[{"count":1,"href":"https:\/\/lahora.mx\/index.php\/wp-json\/wp\/v2\/posts\/45320\/revisions"}],"predecessor-version":[{"id":45322,"href":"https:\/\/lahora.mx\/index.php\/wp-json\/wp\/v2\/posts\/45320\/revisions\/45322"}],"wp:featuredmedia":[{"embeddable":true,"href":"https:\/\/lahora.mx\/index.php\/wp-json\/wp\/v2\/media\/45321"}],"wp:attachment":[{"href":"https:\/\/lahora.mx\/index.php\/wp-json\/wp\/v2\/media?parent=45320"}],"wp:term":[{"taxonomy":"category","embeddable":true,"href":"https:\/\/lahora.mx\/index.php\/wp-json\/wp\/v2\/categories?post=45320"},{"taxonomy":"post_tag","embeddable":true,"href":"https:\/\/lahora.mx\/index.php\/wp-json\/wp\/v2\/tags?post=45320"}],"curies":[{"name":"wp","href":"https:\/\/api.w.org\/{rel}","templated":true}]}}