{"id":45317,"date":"2024-05-01T01:39:22","date_gmt":"2024-05-01T01:39:22","guid":{"rendered":"http:\/\/lahora.mx\/?p=45317"},"modified":"2024-05-01T01:39:22","modified_gmt":"2024-05-01T01:39:22","slug":"tony-gali-recorre-la-romero-vargas","status":"publish","type":"post","link":"https:\/\/lahora.mx\/index.php\/2024\/05\/01\/tony-gali-recorre-la-romero-vargas\/","title":{"rendered":"Tony Gali recorre la Romero Vargas"},"content":{"rendered":"\n<p>Jos\u00e9 Antonio Gali L\u00f3pez, candidato a diputado federal por el Distrito 9 de Puebla de la coalici\u00f3n Sigamos Haciendo Historia, recorri\u00f3 este 30 de abril la colonia Romero Vargas, donde inform\u00f3 a los vecinos sobre sus propuestas legislativas que llevar\u00e1 a San L\u00e1zaro, en caso de ganar los comicios del 2 de junio.<\/p>\n\n\n\n<p>En el mitin que se realiz\u00f3 en las calles de la colonia poblana, Tony Gali L\u00f3pez refrendo sus compromisos con el cuidado del medioambiente, el aumento en el presupuesto designado a la seguridad p\u00fablica para aumentar los salarios de los polic\u00edas y fortalecer la seguridad comunitaria con alarmas vecinales.<\/p>\n\n\n\n<p>Adem\u00e1s refrendo su convicci\u00f3n por llevar a cabo la creaci\u00f3n de leyes que permitan e incrementen el acceso al agua potable en Puebla y M\u00e9xico.<\/p>\n\n\n\n<p>Fue en la colonia Romero Vargas donde el candidato del Partido Verde Ecologista de M\u00e9xico (PVEM) celebr\u00f3 sus 60 d\u00edas de campa\u00f1a; destac\u00f3 que en esos d\u00edas recorri\u00f3 bastantes colonias del distrito por el que compite, as\u00ed como las juntas auxiliares a las que pertenecen.<\/p>\n\n\n\n<p>\u201cEn 60 d\u00edas de campa\u00f1a hemos practicado siempre la cercan\u00eda con la ciudadan\u00eda. Esta conexi\u00f3n directa genera confianza, la cual es la fuerza de este movimiento de transformaci\u00f3n. \u00a1Gracias colonia Romero Vargas!\u201d, escribi\u00f3 Tony Gali en sus redes sociales tras el evento.<\/p>\n","protected":false},"excerpt":{"rendered":"<p>Jos\u00e9 Antonio Gali L\u00f3pez, candidato a diputado federal por el Distrito 9 de Puebla de la coalici\u00f3n Sigamos Haciendo Historia, recorri\u00f3 este 30 de abril la colonia Romero Vargas, donde inform\u00f3 a los vecinos sobre sus propuestas legislativas que llevar\u00e1 a San L\u00e1zaro, en caso de ganar los comicios del 2 de junio. En el [&hellip;]<\/p>\n","protected":false},"author":4,"featured_media":45318,"comment_status":"open","ping_status":"open","sticky":false,"template":"","format":"standard","meta":{"om_disable_all_campaigns":false,"_monsterinsights_skip_tracking":false,"_monsterinsights_sitenote_active":false,"_monsterinsights_sitenote_note":"","_monsterinsights_sitenote_category":0,"footnotes":""},"categories":[175],"tags":[195,223],"class_list":["post-45317","post","type-post","status-publish","format-standard","has-post-thumbnail","hentry","category-local","tag-principal","tag-puebla"],"amp_enabled":true,"_links":{"self":[{"href":"https:\/\/lahora.mx\/index.php\/wp-json\/wp\/v2\/posts\/45317","targetHints":{"allow":["GET"]}}],"collection":[{"href":"https:\/\/lahora.mx\/index.php\/wp-json\/wp\/v2\/posts"}],"about":[{"href":"https:\/\/lahora.mx\/index.php\/wp-json\/wp\/v2\/types\/post"}],"author":[{"embeddable":true,"href":"https:\/\/lahora.mx\/index.php\/wp-json\/wp\/v2\/users\/4"}],"replies":[{"embeddable":true,"href":"https:\/\/lahora.mx\/index.php\/wp-json\/wp\/v2\/comments?post=45317"}],"version-history":[{"count":1,"href":"https:\/\/lahora.mx\/index.php\/wp-json\/wp\/v2\/posts\/45317\/revisions"}],"predecessor-version":[{"id":45319,"href":"https:\/\/lahora.mx\/index.php\/wp-json\/wp\/v2\/posts\/45317\/revisions\/45319"}],"wp:featuredmedia":[{"embeddable":true,"href":"https:\/\/lahora.mx\/index.php\/wp-json\/wp\/v2\/media\/45318"}],"wp:attachment":[{"href":"https:\/\/lahora.mx\/index.php\/wp-json\/wp\/v2\/media?parent=45317"}],"wp:term":[{"taxonomy":"category","embeddable":true,"href":"https:\/\/lahora.mx\/index.php\/wp-json\/wp\/v2\/categories?post=45317"},{"taxonomy":"post_tag","embeddable":true,"href":"https:\/\/lahora.mx\/index.php\/wp-json\/wp\/v2\/tags?post=45317"}],"curies":[{"name":"wp","href":"https:\/\/api.w.org\/{rel}","templated":true}]}}