{"id":45314,"date":"2024-05-01T01:37:38","date_gmt":"2024-05-01T01:37:38","guid":{"rendered":"http:\/\/lahora.mx\/?p=45314"},"modified":"2024-05-01T01:37:38","modified_gmt":"2024-05-01T01:37:38","slug":"dif-mantendra-en-resguardo-el-tiempo-necesario-al-menor-abandonado-en-la-loma","status":"publish","type":"post","link":"https:\/\/lahora.mx\/index.php\/2024\/05\/01\/dif-mantendra-en-resguardo-el-tiempo-necesario-al-menor-abandonado-en-la-loma\/","title":{"rendered":"DIF mantendr\u00e1 en resguardo \u201cel tiempo necesario\u201d al menor abandonado en La Loma"},"content":{"rendered":"\n<p>El tiempo que sea necesario, y hasta que la Fiscal\u00eda General de Estado (FGE) culmine la investigaci\u00f3n ministerial en caso de que sea localizado un familiar, es el periodo que estar\u00e1 bajo el resguardo del Sistema Estatal DIF Andr\u00e9s Ricardo, el peque\u00f1o de 2 a\u00f1os que fue abandonado dentro de una maleta en colonia La Loma.<\/p>\n\n\n\n<p>Fuentes informaron a e-consulta que la fiscal\u00eda mantiene la carpeta de investigaci\u00f3n abierta por el caso del menor de 2 a\u00f1os, abandonado a mediados de abril.<\/p>\n\n\n\n<p>Depender\u00e1 de los resultados de la investigaci\u00f3n si es entregado a sus familiares en caso de que respondan al llamado que hizo la dependencia, pidiendo la localizaci\u00f3n de sus seres queridos.<\/p>\n\n\n\n<p>Mientras las investigaciones avanzan, Andr\u00e9s Ricardo estar\u00e1 bajo el resguardo y cuidado dentro de la Casa de la Ni\u00f1ez Poblana, por ello a\u00fan no se ha establecido un tiempo definido de estad\u00eda ni si el menor estar\u00e1 en proceso de adopci\u00f3n.<\/p>\n\n\n\n<p>Andr\u00e9s fue localizado abandonado dentro de una maleta negra en calles de la capital poblana, con la ropa mojada, y tras serle practicados varios estudios, m\u00e9dicos determinaron que sufre el S\u00edndrome del Ni\u00f1o Maltratado.<\/p>\n\n\n\n<p>El peque\u00f1o contaba con huellas de violencia en su cuerpo, en particular en rostro y brazos, donde le fueron halladas quemaduras producidas de manera intencional por la persona que lo ten\u00eda bajo su cuidado, as\u00ed como golpes en la espalda.<\/p>\n\n\n\n<p>El peque\u00f1o, tras ser localizado por agentes municipales, fue trasladado al Hospital General del Norte, donde estuvo bajo observaci\u00f3n un par de d\u00edas hasta que fue dado de alta y fue llevado a la Casa de la Ni\u00f1ez Poblana donde permanecer\u00e1 hasta que alguno de sus familiares acuda por \u00e9l.<\/p>\n","protected":false},"excerpt":{"rendered":"<p>El tiempo que sea necesario, y hasta que la Fiscal\u00eda General de Estado (FGE) culmine la investigaci\u00f3n ministerial en caso de que sea localizado un familiar, es el periodo que estar\u00e1 bajo el resguardo del Sistema Estatal DIF Andr\u00e9s Ricardo, el peque\u00f1o de 2 a\u00f1os que fue abandonado dentro de una maleta en colonia La [&hellip;]<\/p>\n","protected":false},"author":4,"featured_media":45315,"comment_status":"open","ping_status":"open","sticky":false,"template":"","format":"standard","meta":{"om_disable_all_campaigns":false,"_monsterinsights_skip_tracking":false,"_monsterinsights_sitenote_active":false,"_monsterinsights_sitenote_note":"","_monsterinsights_sitenote_category":0,"footnotes":""},"categories":[175],"tags":[223],"class_list":["post-45314","post","type-post","status-publish","format-standard","has-post-thumbnail","hentry","category-local","tag-puebla"],"amp_enabled":true,"_links":{"self":[{"href":"https:\/\/lahora.mx\/index.php\/wp-json\/wp\/v2\/posts\/45314","targetHints":{"allow":["GET"]}}],"collection":[{"href":"https:\/\/lahora.mx\/index.php\/wp-json\/wp\/v2\/posts"}],"about":[{"href":"https:\/\/lahora.mx\/index.php\/wp-json\/wp\/v2\/types\/post"}],"author":[{"embeddable":true,"href":"https:\/\/lahora.mx\/index.php\/wp-json\/wp\/v2\/users\/4"}],"replies":[{"embeddable":true,"href":"https:\/\/lahora.mx\/index.php\/wp-json\/wp\/v2\/comments?post=45314"}],"version-history":[{"count":1,"href":"https:\/\/lahora.mx\/index.php\/wp-json\/wp\/v2\/posts\/45314\/revisions"}],"predecessor-version":[{"id":45316,"href":"https:\/\/lahora.mx\/index.php\/wp-json\/wp\/v2\/posts\/45314\/revisions\/45316"}],"wp:featuredmedia":[{"embeddable":true,"href":"https:\/\/lahora.mx\/index.php\/wp-json\/wp\/v2\/media\/45315"}],"wp:attachment":[{"href":"https:\/\/lahora.mx\/index.php\/wp-json\/wp\/v2\/media?parent=45314"}],"wp:term":[{"taxonomy":"category","embeddable":true,"href":"https:\/\/lahora.mx\/index.php\/wp-json\/wp\/v2\/categories?post=45314"},{"taxonomy":"post_tag","embeddable":true,"href":"https:\/\/lahora.mx\/index.php\/wp-json\/wp\/v2\/tags?post=45314"}],"curies":[{"name":"wp","href":"https:\/\/api.w.org\/{rel}","templated":true}]}}