{"id":45309,"date":"2024-04-30T19:51:43","date_gmt":"2024-04-30T19:51:43","guid":{"rendered":"http:\/\/lahora.mx\/?p=45309"},"modified":"2024-04-30T20:35:24","modified_gmt":"2024-04-30T20:35:24","slug":"allanan-oficinas-del-congreso-poblano-en-su-sede-alterna-con-historia-fantastica-de-extorsion","status":"publish","type":"post","link":"https:\/\/lahora.mx\/index.php\/2024\/04\/30\/allanan-oficinas-del-congreso-poblano-en-su-sede-alterna-con-historia-fantastica-de-extorsion\/","title":{"rendered":"Allanan oficinas del Congreso Poblano en su sede alterna con historia fant\u00e1stica de extorsi\u00f3n"},"content":{"rendered":"\n<p>La bancada del Partido Acci\u00f3n Nacional (PAN) denunci\u00f3 una irrupci\u00f3n violenta en contra de sus oficinas legislativas, en la sede alterna del Congreso en el Mes\u00f3n del Cristo ubicadas en el Centro Hist\u00f3rico, asegurando que aunque no se robaron nada, diversa documentaci\u00f3n fue destruida, por lo que exigieron el esclarecimiento de estos hechos.<\/p>\n\n\n\n<p>\u201cEste lunes fuimos v\u00edctimas de la delincuencia, pues con lujo de violencia fueron allanadas nuestras oficinas (\u2026) fueron rotas las puertas, chapas, rompieron muros y se introdujeron con fines desconocidos\u201d, redact\u00f3 el Grupo Legislativo del Partido Acci\u00f3n Nacional Puebla.<\/p>\n\n\n\n<p>Allanamiento de las oficinas de la sede alterna del Congreso Local<br>En entrevista para el programa Juego de Troles de DIARIO CAMBIO, el Coordinador de la bancada del PAN, Rafael Micalco revel\u00f3 c\u00f3mo ocurrieron los hechos, detallando que se trat\u00f3 de una irrupci\u00f3n, que por fortuna no pas\u00f3 a mayores y todo qued\u00f3 en da\u00f1os f\u00edsicos al inmueble ubicado sobre la 8 Oriente 216, en el Centro Hist\u00f3rico.<\/p>\n\n\n\n<p>\u2018\u2019Robo como tal no fue, sino un allanamiento a las oficinas (\u2026) no se robaron nada, s\u00f3lo rompieron puertas, chapas y muros, pero lo raro es que las oficinas de los diputados estaban intactas, estaban en orden\u2019\u2019, aclar\u00f3 Rafael Micalco.<\/p>\n\n\n\n<p>Diputados pidieron investigar a empleados de la sede<br>Tras darse a conocer el hecho, los afectados exigieron el esclarecimiento del caso y desde luego, sanciones para las personas que causaron el vandalismo, quienes hasta el momento no han sido identificadas, sin embargo, existe una hip\u00f3tesis, y es que quienes podr\u00edan estar detr\u00e1s del hecho, ser\u00eda la empresa responsable de la seguridad en la zona, de lo contrario, piden que tambi\u00e9n reciban un castigo por la omisi\u00f3n.<\/p>\n\n\n\n<p>Comunicado del Grupo Legistativo del PAN Puebla sobre el allanamiento a la sede alterna del Congreso del Estado<br>Comunicado del Grupo Legistativo del PAN Puebla sobre el allanamiento a la sede alterna del Congreso del Estado<br>Congreso aclara que se trat\u00f3 de una extorsi\u00f3n al guardia de seguridad<br>El Honorable Congreso del Estado de Puebla confirm\u00f3 lo sucedido y a la par, inform\u00f3 que se trat\u00f3 de un caso de extorsi\u00f3n del que fue v\u00edctima uno de los elementos de Seguridad.<\/p>\n\n\n\n<p>\u2018\u2019Con una llamada telef\u00f3nica, presuntos extorsionadores intentaron sorprender a un elemento del servicio de Seguridad Privada que se encarga de la vigilancia del edificio, al percatarse de que se trataba de un enga\u00f1o, el tema no pas\u00f3 a mayores; no se registraron m\u00e1s que da\u00f1os f\u00edsicos en diferentes \u00e1reas del edificio, luego de que los presuntos extorsionadores, solicitaran al guardia de seguridad privada causar algunas afectaciones en el interior\u2019\u2019, escribi\u00f3 El Honorable Congreso Del Estado.<\/p>\n\n\n\n<p>Allanamiento de las oficinas de la sede alterna del Congreso Local en Puebla<br>FGE ya investiga los hechos<br>En la pl\u00e1tica con Rafael Micalco, se dijo que se present\u00f3 la denuncia correspondiente ante la Fiscal\u00eda General del Estado, cuyos hechos ya est\u00e1n siendo investigados por la dependencia, pues son ellos los encargados de esclarecer lo sucedido, pues, aunque ya se confirm\u00f3 que todo deriv\u00f3 de un asunto de extorsi\u00f3n, prevalece la interrogativa de qu\u00e9 era lo que buscaban los responsables del vandalismo a la sede.<\/p>\n","protected":false},"excerpt":{"rendered":"<p>La bancada del Partido Acci\u00f3n Nacional (PAN) denunci\u00f3 una irrupci\u00f3n violenta en contra de sus oficinas legislativas, en la sede alterna del Congreso en el Mes\u00f3n del Cristo ubicadas en el Centro Hist\u00f3rico, asegurando que aunque no se robaron nada, diversa documentaci\u00f3n fue destruida, por lo que exigieron el esclarecimiento de estos hechos. \u201cEste lunes [&hellip;]<\/p>\n","protected":false},"author":4,"featured_media":45311,"comment_status":"open","ping_status":"open","sticky":false,"template":"","format":"standard","meta":{"om_disable_all_campaigns":false,"_monsterinsights_skip_tracking":false,"_monsterinsights_sitenote_active":false,"_monsterinsights_sitenote_note":"","_monsterinsights_sitenote_category":0,"footnotes":""},"categories":[175,226],"tags":[223],"class_list":["post-45309","post","type-post","status-publish","format-standard","has-post-thumbnail","hentry","category-local","category-policia","tag-puebla"],"amp_enabled":true,"_links":{"self":[{"href":"https:\/\/lahora.mx\/index.php\/wp-json\/wp\/v2\/posts\/45309","targetHints":{"allow":["GET"]}}],"collection":[{"href":"https:\/\/lahora.mx\/index.php\/wp-json\/wp\/v2\/posts"}],"about":[{"href":"https:\/\/lahora.mx\/index.php\/wp-json\/wp\/v2\/types\/post"}],"author":[{"embeddable":true,"href":"https:\/\/lahora.mx\/index.php\/wp-json\/wp\/v2\/users\/4"}],"replies":[{"embeddable":true,"href":"https:\/\/lahora.mx\/index.php\/wp-json\/wp\/v2\/comments?post=45309"}],"version-history":[{"count":1,"href":"https:\/\/lahora.mx\/index.php\/wp-json\/wp\/v2\/posts\/45309\/revisions"}],"predecessor-version":[{"id":45310,"href":"https:\/\/lahora.mx\/index.php\/wp-json\/wp\/v2\/posts\/45309\/revisions\/45310"}],"wp:featuredmedia":[{"embeddable":true,"href":"https:\/\/lahora.mx\/index.php\/wp-json\/wp\/v2\/media\/45311"}],"wp:attachment":[{"href":"https:\/\/lahora.mx\/index.php\/wp-json\/wp\/v2\/media?parent=45309"}],"wp:term":[{"taxonomy":"category","embeddable":true,"href":"https:\/\/lahora.mx\/index.php\/wp-json\/wp\/v2\/categories?post=45309"},{"taxonomy":"post_tag","embeddable":true,"href":"https:\/\/lahora.mx\/index.php\/wp-json\/wp\/v2\/tags?post=45309"}],"curies":[{"name":"wp","href":"https:\/\/api.w.org\/{rel}","templated":true}]}}