{"id":45303,"date":"2024-04-30T19:08:57","date_gmt":"2024-04-30T19:08:57","guid":{"rendered":"http:\/\/lahora.mx\/?p=45303"},"modified":"2024-04-30T19:08:57","modified_gmt":"2024-04-30T19:08:57","slug":"detienen-a-ladron-que-robo-maleta-con-cabeza-humana-dentro-solo-quizo-tratar-de-devolverla","status":"publish","type":"post","link":"https:\/\/lahora.mx\/index.php\/2024\/04\/30\/detienen-a-ladron-que-robo-maleta-con-cabeza-humana-dentro-solo-quizo-tratar-de-devolverla\/","title":{"rendered":"Detienen a ladr\u00f3n que robo maleta con cabeza humana dentro; solo quizo tratar de devolverla"},"content":{"rendered":"\n<p>La ma\u00f1ana de este martes 30 de abril, un ladr\u00f3n se llev\u00f3 un gran susto al descubrir que la maleta que rob\u00f3 conten\u00eda una cabeza humana; aunque decidi\u00f3 entregarla en el m\u00f3dulo de seguridad de la Unidad Habitacional La Margarita, fue detenido por elementos de la Polic\u00eda Municipal de Puebla.<\/p>\n\n\n\n<p>Los hechos ocurrieron durante la ma\u00f1ana de este martes, cuando los vigilantes de una caseta de seguridad ubicada en dicha unidad habitacional que se encuentra justo en la esquina de la 67 Oriente, llamaron a emergencias para reportar el hallazgo de una cabeza humana.<\/p>\n\n\n\n<p>Al sitio acudieron como primeros respondientes elementos de la Polic\u00eda Municipal de Puebla, quienes detuvieron a un sujeto como el presunto responsable del hallazgo de una cabeza humana, la cual estaba dentro de una maleta que \u00e9l mismo entreg\u00f3 a los vigilantes para que fuera puesta a disposici\u00f3n de las autoridades correspondiente.<\/p>\n\n\n\n<p>De acuerdo con el testimonio del sujeto, no tuvo otra opci\u00f3n m\u00e1s que admitir su delito para desligarse del asesinato, y revel\u00f3 que ayer por la noche \u00e9l rob\u00f3 la maleta, aunque no precis\u00f3 en qu\u00e9 punto; asegur\u00f3 que la traslad\u00f3 a su domicilio y ah\u00ed estuvo durante toda la noche.<\/p>\n\n\n\n<p>Sin embargo, cuando esta ma\u00f1ana decidi\u00f3 abrirla para ver lo que conten\u00eda se llev\u00f3 una sorpresa, pues descubri\u00f3 que al interior del malet\u00edn hab\u00eda una cabeza humana, por lo que entr\u00f3 en p\u00e1nico y, para que no fuera ligado al crimen, decidi\u00f3 entregarla a las autoridades.<\/p>\n\n\n\n<p>Se espera que elementos de la Fiscal\u00eda General del Estado de Puebla (FGE) resuelvan este hecho para determinar de d\u00f3nde rob\u00f3 la maleta y as\u00ed saber lo que en realidad pas\u00f3.<\/p>\n","protected":false},"excerpt":{"rendered":"<p>La ma\u00f1ana de este martes 30 de abril, un ladr\u00f3n se llev\u00f3 un gran susto al descubrir que la maleta que rob\u00f3 conten\u00eda una cabeza humana; aunque decidi\u00f3 entregarla en el m\u00f3dulo de seguridad de la Unidad Habitacional La Margarita, fue detenido por elementos de la Polic\u00eda Municipal de Puebla. Los hechos ocurrieron durante la [&hellip;]<\/p>\n","protected":false},"author":4,"featured_media":45304,"comment_status":"open","ping_status":"open","sticky":false,"template":"","format":"standard","meta":{"om_disable_all_campaigns":false,"_monsterinsights_skip_tracking":false,"_monsterinsights_sitenote_active":false,"_monsterinsights_sitenote_note":"","_monsterinsights_sitenote_category":0,"footnotes":""},"categories":[175],"tags":[195,223],"class_list":["post-45303","post","type-post","status-publish","format-standard","has-post-thumbnail","hentry","category-local","tag-principal","tag-puebla"],"amp_enabled":true,"_links":{"self":[{"href":"https:\/\/lahora.mx\/index.php\/wp-json\/wp\/v2\/posts\/45303","targetHints":{"allow":["GET"]}}],"collection":[{"href":"https:\/\/lahora.mx\/index.php\/wp-json\/wp\/v2\/posts"}],"about":[{"href":"https:\/\/lahora.mx\/index.php\/wp-json\/wp\/v2\/types\/post"}],"author":[{"embeddable":true,"href":"https:\/\/lahora.mx\/index.php\/wp-json\/wp\/v2\/users\/4"}],"replies":[{"embeddable":true,"href":"https:\/\/lahora.mx\/index.php\/wp-json\/wp\/v2\/comments?post=45303"}],"version-history":[{"count":1,"href":"https:\/\/lahora.mx\/index.php\/wp-json\/wp\/v2\/posts\/45303\/revisions"}],"predecessor-version":[{"id":45305,"href":"https:\/\/lahora.mx\/index.php\/wp-json\/wp\/v2\/posts\/45303\/revisions\/45305"}],"wp:featuredmedia":[{"embeddable":true,"href":"https:\/\/lahora.mx\/index.php\/wp-json\/wp\/v2\/media\/45304"}],"wp:attachment":[{"href":"https:\/\/lahora.mx\/index.php\/wp-json\/wp\/v2\/media?parent=45303"}],"wp:term":[{"taxonomy":"category","embeddable":true,"href":"https:\/\/lahora.mx\/index.php\/wp-json\/wp\/v2\/categories?post=45303"},{"taxonomy":"post_tag","embeddable":true,"href":"https:\/\/lahora.mx\/index.php\/wp-json\/wp\/v2\/tags?post=45303"}],"curies":[{"name":"wp","href":"https:\/\/api.w.org\/{rel}","templated":true}]}}