{"id":45288,"date":"2024-04-30T18:14:56","date_gmt":"2024-04-30T18:14:56","guid":{"rendered":"http:\/\/lahora.mx\/?p=45288"},"modified":"2024-04-30T18:14:56","modified_gmt":"2024-04-30T18:14:56","slug":"el-presidente-amlo-se-reunira-con-diputados-y-senadores-de-morena","status":"publish","type":"post","link":"https:\/\/lahora.mx\/index.php\/2024\/04\/30\/el-presidente-amlo-se-reunira-con-diputados-y-senadores-de-morena\/","title":{"rendered":"El presidente AMLO se reunir\u00e1 con diputados y senadores de Morena"},"content":{"rendered":"\n<p>El presidente Andr\u00e9s Manuel L\u00f3pez Obrador se reunir\u00e1 con los diputados y senadores de Movimiento de Regeneraci\u00f3n Nacional (Morena) este d\u00eda en Palacio Nacional, en un encuentro que se realizar\u00e1 a las 18:30 horas de este martes 30 de abril, y fue solicitado por los legisladores de manera urgente, seg\u00fan reporteros de la fuente legislativa.<\/p>\n\n\n\n<p>\u201cSin celulares, sin poder usar el estacionamiento de Palacio y sin posibilidad de que sus choferes los esperen en los alrededores, los diputados y senadores de Morena se re\u00fanen con el Presidente de la Rep\u00fablica. El instructivo que les enviaron indica que deben llevar su acreditaci\u00f3n como legisladores federales\u201d, expres\u00f3 en su cuenta X, antes Twitter, la periodista Leti Robles de la Rosa.<\/p>\n\n\n\n<p>De acuerdo con fuentes extraoficiales, la reuni\u00f3n ser\u00e1 cerrada y sin testigos, por lo que han empezado a circular diversas versiones acerca del motivo de \u00e9sta; sin embargo, al ser este 30 de abril la fecha en que finaliza el segundo periodo ordinario de sesiones en el Congreso de la Uni\u00f3n, el encuentro podr\u00eda girar en torno a la posibilidad de que haya un periodo extraordinario en las dos c\u00e1maras.<\/p>\n\n\n\n<p>En este sentido, se ha mencionado tambi\u00e9n que el encuentro entre L\u00f3pez Obrador y las bancadas de Morena en el Senado y la C\u00e1mara de Diputados, podr\u00eda deberse a que algunas iniciativas del presidente a\u00fan no han sido aprobadas, aunque en las \u00faltimas semanas los legisladores han aceptado reformas a las leyes de Amparo y Amnist\u00eda, as\u00ed como la creaci\u00f3n del Fondo de Pensiones del Bienestar.<\/p>\n\n\n\n<p>Por su parte, Ignacio Mier Velazco, coordinador de la bancada de Morena en San L\u00e1zaro, afirm\u00f3 que la Junta de Coordinaci\u00f3n Pol\u00edtica (Jucopo) solicit\u00f3 a la Comisi\u00f3n de Puntos Constitucionales un informe acerca del estado de las propuestas, que podr\u00edan ser debatidas en un periodo extraordinario.<\/p>\n\n\n\n<p>Sin embargo, algunos ciudadanos han mencionado que el asunto de la reuni\u00f3n ser\u00e1 el rega\u00f1o por parte del titular del Ejecutivo a los senadores y diputados de su partido por la reciente publicaci\u00f3n del libro \u201cLa historia secreta: AMLO y el Cartel de Sinaloa\u201d, de Anabel Hern\u00e1ndez, mismo que ha causado alteraciones en el Palacio nacional y revuelo en el gobierno.<\/p>\n","protected":false},"excerpt":{"rendered":"<p>El presidente Andr\u00e9s Manuel L\u00f3pez Obrador se reunir\u00e1 con los diputados y senadores de Movimiento de Regeneraci\u00f3n Nacional (Morena) este d\u00eda en Palacio Nacional, en un encuentro que se realizar\u00e1 a las 18:30 horas de este martes 30 de abril, y fue solicitado por los legisladores de manera urgente, seg\u00fan reporteros de la fuente legislativa. [&hellip;]<\/p>\n","protected":false},"author":4,"featured_media":45289,"comment_status":"open","ping_status":"open","sticky":false,"template":"","format":"standard","meta":{"om_disable_all_campaigns":false,"_monsterinsights_skip_tracking":false,"_monsterinsights_sitenote_active":false,"_monsterinsights_sitenote_note":"","_monsterinsights_sitenote_category":0,"footnotes":""},"categories":[175],"tags":[223],"class_list":["post-45288","post","type-post","status-publish","format-standard","has-post-thumbnail","hentry","category-local","tag-puebla"],"amp_enabled":true,"_links":{"self":[{"href":"https:\/\/lahora.mx\/index.php\/wp-json\/wp\/v2\/posts\/45288","targetHints":{"allow":["GET"]}}],"collection":[{"href":"https:\/\/lahora.mx\/index.php\/wp-json\/wp\/v2\/posts"}],"about":[{"href":"https:\/\/lahora.mx\/index.php\/wp-json\/wp\/v2\/types\/post"}],"author":[{"embeddable":true,"href":"https:\/\/lahora.mx\/index.php\/wp-json\/wp\/v2\/users\/4"}],"replies":[{"embeddable":true,"href":"https:\/\/lahora.mx\/index.php\/wp-json\/wp\/v2\/comments?post=45288"}],"version-history":[{"count":1,"href":"https:\/\/lahora.mx\/index.php\/wp-json\/wp\/v2\/posts\/45288\/revisions"}],"predecessor-version":[{"id":45290,"href":"https:\/\/lahora.mx\/index.php\/wp-json\/wp\/v2\/posts\/45288\/revisions\/45290"}],"wp:featuredmedia":[{"embeddable":true,"href":"https:\/\/lahora.mx\/index.php\/wp-json\/wp\/v2\/media\/45289"}],"wp:attachment":[{"href":"https:\/\/lahora.mx\/index.php\/wp-json\/wp\/v2\/media?parent=45288"}],"wp:term":[{"taxonomy":"category","embeddable":true,"href":"https:\/\/lahora.mx\/index.php\/wp-json\/wp\/v2\/categories?post=45288"},{"taxonomy":"post_tag","embeddable":true,"href":"https:\/\/lahora.mx\/index.php\/wp-json\/wp\/v2\/tags?post=45288"}],"curies":[{"name":"wp","href":"https:\/\/api.w.org\/{rel}","templated":true}]}}